{"id":749,"date":"2018-05-21T14:06:11","date_gmt":"2018-05-21T17:06:11","guid":{"rendered":"http:\/\/roseanamurray.com\/site\/?p=749"},"modified":"2018-05-21T14:06:11","modified_gmt":"2018-05-21T17:06:11","slug":"escola-municipalizada-onze-de-junho","status":"publish","type":"post","link":"https:\/\/roseanamurray.com\/site\/2018\/05\/21\/escola-municipalizada-onze-de-junho\/","title":{"rendered":"Escola Municipalizada Onze de Junho"},"content":{"rendered":"<p><a href=\"http:\/\/roseanamurray.com\/site\/wp-content\/uploads\/2018\/05\/escola-municipalizada-onze-de-junho-itaborai.jpg\"><img fetchpriority=\"high\" decoding=\"async\" src=\"http:\/\/roseanamurray.com\/site\/wp-content\/uploads\/2018\/05\/escola-municipalizada-onze-de-junho-itaborai-1024x576.jpg\" alt=\"escola-municipalizada-onze-de-junho-itaborai\" width=\"640\" height=\"360\" class=\"alignnone size-large wp-image-750\" \/><\/a><\/p>\n<p>Hoje nosso encontro do Caf\u00e9, P\u00e3o e Texto com os professores foi diferente.<\/p>\n<p>A Escola Municipalizada Onze de Junho, de Itabora\u00ed, esse ano faz um projeto com os alunos sobre Democracia e queriam ouvir o Juan Arias e seu olhar estrangeiro.<\/p>\n<p>Foi um encontro riqu\u00edssimo.<\/p>\n<p>Juan trouxe a sua vasta experi\u00eancia de jornalismo: quarenta anos na It\u00e1lia e no Vaticano como correspondente, alguns anos no franquismo na Espanha, escrevendo com um censor ao lado, seus anos na Rai, televis\u00e3o italiana e dezenove anos de jornalismo no Brasil.<\/p>\n<p>Juan que viveu a Guerra Civil quando crian\u00e7a, que passou anos muito dif\u00edceis de p\u00f3s guerra, fome e ditadura, com tantos anos dedicados ao jornalismo, colocou com muita propriedade, em pauta, as fragilidades da nossa democracia, ( indo primeiro at\u00e9 a Grecia, at\u00e9 a etmologia da palavra) e as nossas esperan\u00e7as. <\/p>\n<p>Foram muitas perguntas. Alguns relatos. Muitos abra\u00e7os. Um belo caf\u00e9 da manh\u00e3.<\/p>\n<p>Hoje fui ouvinte.<\/p>\n","protected":false},"excerpt":{"rendered":"<p>Hoje nosso encontro do Caf\u00e9, P\u00e3o e Texto com os professores foi diferente. A Escola Municipalizada Onze de Junho, de Itabora\u00ed, esse ano faz um projeto com os alunos sobre Democracia e queriam ouvir o Juan Arias e seu olhar estrangeiro. Foi um encontro riqu\u00edssimo. Juan trouxe a sua vasta experi\u00eancia de jornalismo: quarenta anos na It\u00e1lia e no Vaticano como correspondente, alguns anos no franquismo na Espanha, escrevendo com um censor ao lado, seus anos na Rai, televis\u00e3o italiana e dezenove anos de jornalismo no Brasil. Juan que viveu a Guerra Civil quando crian\u00e7a, que passou anos muito dif\u00edceis de p\u00f3s guerra, fome e ditadura, com tantos anos dedicados ao jornalismo, colocou com muita propriedade, em pauta, as fragilidades da nossa democracia, ( indo primeiro at\u00e9 a Grecia, at\u00e9 a etmologia da palavra) e as nossas esperan\u00e7as. Foram muitas perguntas. Alguns relatos. Muitos abra\u00e7os. Um belo caf\u00e9 da manh\u00e3. Hoje fui ouvinte.<\/p>\n","protected":false},"author":1,"featured_media":750,"comment_status":"open","ping_status":"open","sticky":false,"template":"","format":"standard","meta":{"footnotes":"","_links_to":"","_links_to_target":""},"categories":[14],"tags":[],"class_list":["post-749","post","type-post","status-publish","format-standard","has-post-thumbnail","hentry","category-cafe-pao-e-texto"],"yoast_head":"<!-- This site is optimized with the Yoast SEO plugin v28.3 - https:\/\/yoast.com\/product\/yoast-seo-wordpress\/ -->\n<title>Escola Municipalizada Onze de Junho - Roseana Murray<\/title>\n<meta name=\"robots\" content=\"index, follow, max-snippet:-1, max-image-preview:large, max-video-preview:-1\" \/>\n<link rel=\"canonical\" href=\"https:\/\/roseanamurray.com\/site\/2018\/05\/21\/escola-municipalizada-onze-de-junho\/\" \/>\n<meta property=\"og:locale\" content=\"pt_BR\" \/>\n<meta property=\"og:type\" content=\"article\" \/>\n<meta property=\"og:title\" content=\"Escola Municipalizada Onze de Junho - Roseana Murray\" \/>\n<meta property=\"og:description\" content=\"Hoje nosso encontro do Caf\u00e9, P\u00e3o e Texto com os professores foi diferente. A Escola Municipalizada Onze de Junho, de Itabora\u00ed, esse ano faz um projeto com os alunos sobre Democracia e queriam ouvir o Juan Arias e seu olhar estrangeiro. Foi um encontro riqu\u00edssimo. Juan trouxe a sua vasta experi\u00eancia de jornalismo: quarenta anos na It\u00e1lia e no Vaticano como correspondente, alguns anos no franquismo na Espanha, escrevendo com um censor ao lado, seus anos na Rai, televis\u00e3o italiana e dezenove anos de jornalismo no Brasil. Juan que viveu a Guerra Civil quando crian\u00e7a, que passou anos muito dif\u00edceis de p\u00f3s guerra, fome e ditadura, com tantos anos dedicados ao jornalismo, colocou com muita propriedade, em pauta, as fragilidades da nossa democracia, ( indo primeiro at\u00e9 a Grecia, at\u00e9 a etmologia da palavra) e as nossas esperan\u00e7as. Foram muitas perguntas. Alguns relatos. Muitos abra\u00e7os. Um belo caf\u00e9 da manh\u00e3. Hoje fui ouvinte.\" \/>\n<meta property=\"og:url\" content=\"https:\/\/roseanamurray.com\/site\/2018\/05\/21\/escola-municipalizada-onze-de-junho\/\" \/>\n<meta property=\"og:site_name\" content=\"Roseana Murray\" \/>\n<meta property=\"article:publisher\" content=\"https:\/\/www.facebook.com\/roseana.murray\/\" \/>\n<meta property=\"article:author\" content=\"https:\/\/www.facebook.com\/roseana.murray\/\" \/>\n<meta property=\"article:published_time\" content=\"2018-05-21T17:06:11+00:00\" \/>\n<meta name=\"author\" content=\"admin\" \/>\n<meta name=\"twitter:card\" content=\"summary_large_image\" \/>\n<meta name=\"twitter:label1\" content=\"Escrito por\" \/>\n\t<meta name=\"twitter:data1\" content=\"admin\" \/>\n\t<meta name=\"twitter:label2\" content=\"Est. tempo de leitura\" \/>\n\t<meta name=\"twitter:data2\" content=\"1 minuto\" \/>\n<script type=\"application\/ld+json\" class=\"yoast-schema-graph\">{\"@context\":\"https:\\\/\\\/schema.org\",\"@graph\":[{\"@type\":\"Article\",\"@id\":\"https:\\\/\\\/roseanamurray.com\\\/site\\\/2018\\\/05\\\/21\\\/escola-municipalizada-onze-de-junho\\\/#article\",\"isPartOf\":{\"@id\":\"https:\\\/\\\/roseanamurray.com\\\/site\\\/2018\\\/05\\\/21\\\/escola-municipalizada-onze-de-junho\\\/\"},\"author\":{\"name\":\"admin\",\"@id\":\"https:\\\/\\\/roseanamurray.com\\\/site\\\/#\\\/schema\\\/person\\\/fccdaf45872661cfee27c28c6d545c60\"},\"headline\":\"Escola Municipalizada Onze de Junho\",\"datePublished\":\"2018-05-21T17:06:11+00:00\",\"mainEntityOfPage\":{\"@id\":\"https:\\\/\\\/roseanamurray.com\\\/site\\\/2018\\\/05\\\/21\\\/escola-municipalizada-onze-de-junho\\\/\"},\"wordCount\":167,\"commentCount\":0,\"publisher\":{\"@id\":\"https:\\\/\\\/roseanamurray.com\\\/site\\\/#organization\"},\"image\":{\"@id\":\"https:\\\/\\\/roseanamurray.com\\\/site\\\/2018\\\/05\\\/21\\\/escola-municipalizada-onze-de-junho\\\/#primaryimage\"},\"thumbnailUrl\":\"\",\"articleSection\":[\"Caf\u00e9, P\u00e3o e Texto\"],\"inLanguage\":\"pt-BR\",\"potentialAction\":[{\"@type\":\"CommentAction\",\"name\":\"Comment\",\"target\":[\"https:\\\/\\\/roseanamurray.com\\\/site\\\/2018\\\/05\\\/21\\\/escola-municipalizada-onze-de-junho\\\/#respond\"]}]},{\"@type\":\"WebPage\",\"@id\":\"https:\\\/\\\/roseanamurray.com\\\/site\\\/2018\\\/05\\\/21\\\/escola-municipalizada-onze-de-junho\\\/\",\"url\":\"https:\\\/\\\/roseanamurray.com\\\/site\\\/2018\\\/05\\\/21\\\/escola-municipalizada-onze-de-junho\\\/\",\"name\":\"Escola Municipalizada Onze de Junho - Roseana Murray\",\"isPartOf\":{\"@id\":\"https:\\\/\\\/roseanamurray.com\\\/site\\\/#website\"},\"primaryImageOfPage\":{\"@id\":\"https:\\\/\\\/roseanamurray.com\\\/site\\\/2018\\\/05\\\/21\\\/escola-municipalizada-onze-de-junho\\\/#primaryimage\"},\"image\":{\"@id\":\"https:\\\/\\\/roseanamurray.com\\\/site\\\/2018\\\/05\\\/21\\\/escola-municipalizada-onze-de-junho\\\/#primaryimage\"},\"thumbnailUrl\":\"\",\"datePublished\":\"2018-05-21T17:06:11+00:00\",\"breadcrumb\":{\"@id\":\"https:\\\/\\\/roseanamurray.com\\\/site\\\/2018\\\/05\\\/21\\\/escola-municipalizada-onze-de-junho\\\/#breadcrumb\"},\"inLanguage\":\"pt-BR\",\"potentialAction\":[{\"@type\":\"ReadAction\",\"target\":[\"https:\\\/\\\/roseanamurray.com\\\/site\\\/2018\\\/05\\\/21\\\/escola-municipalizada-onze-de-junho\\\/\"]}]},{\"@type\":\"ImageObject\",\"inLanguage\":\"pt-BR\",\"@id\":\"https:\\\/\\\/roseanamurray.com\\\/site\\\/2018\\\/05\\\/21\\\/escola-municipalizada-onze-de-junho\\\/#primaryimage\",\"url\":\"\",\"contentUrl\":\"\"},{\"@type\":\"BreadcrumbList\",\"@id\":\"https:\\\/\\\/roseanamurray.com\\\/site\\\/2018\\\/05\\\/21\\\/escola-municipalizada-onze-de-junho\\\/#breadcrumb\",\"itemListElement\":[{\"@type\":\"ListItem\",\"position\":1,\"name\":\"In\u00edcio\",\"item\":\"https:\\\/\\\/roseanamurray.com\\\/site\\\/\"},{\"@type\":\"ListItem\",\"position\":2,\"name\":\"Escola Municipalizada Onze de Junho\"}]},{\"@type\":\"WebSite\",\"@id\":\"https:\\\/\\\/roseanamurray.com\\\/site\\\/#website\",\"url\":\"https:\\\/\\\/roseanamurray.com\\\/site\\\/\",\"name\":\"Roseana Murray\",\"description\":\"Poetisa e escritora de livros infanto-juvenis\",\"publisher\":{\"@id\":\"https:\\\/\\\/roseanamurray.com\\\/site\\\/#organization\"},\"potentialAction\":[{\"@type\":\"SearchAction\",\"target\":{\"@type\":\"EntryPoint\",\"urlTemplate\":\"https:\\\/\\\/roseanamurray.com\\\/site\\\/?s={search_term_string}\"},\"query-input\":{\"@type\":\"PropertyValueSpecification\",\"valueRequired\":true,\"valueName\":\"search_term_string\"}}],\"inLanguage\":\"pt-BR\"},{\"@type\":\"Organization\",\"@id\":\"https:\\\/\\\/roseanamurray.com\\\/site\\\/#organization\",\"name\":\"Roseana Murray\",\"url\":\"https:\\\/\\\/roseanamurray.com\\\/site\\\/\",\"logo\":{\"@type\":\"ImageObject\",\"inLanguage\":\"pt-BR\",\"@id\":\"https:\\\/\\\/roseanamurray.com\\\/site\\\/#\\\/schema\\\/logo\\\/image\\\/\",\"url\":\"https:\\\/\\\/roseanamurray.com\\\/site\\\/wp-content\\\/uploads\\\/2025\\\/09\\\/roseana_murray-10.jpeg\",\"contentUrl\":\"https:\\\/\\\/roseanamurray.com\\\/site\\\/wp-content\\\/uploads\\\/2025\\\/09\\\/roseana_murray-10.jpeg\",\"width\":640,\"height\":427,\"caption\":\"Roseana Murray\"},\"image\":{\"@id\":\"https:\\\/\\\/roseanamurray.com\\\/site\\\/#\\\/schema\\\/logo\\\/image\\\/\"},\"sameAs\":[\"https:\\\/\\\/www.facebook.com\\\/roseana.murray\\\/\",\"https:\\\/\\\/www.instagram.com\\\/roseanamurray\",\"https:\\\/\\\/www.youtube.com\\\/channel\\\/UC3CYVIbf6pyVaM1OM5n-thQ\"]},{\"@type\":\"Person\",\"@id\":\"https:\\\/\\\/roseanamurray.com\\\/site\\\/#\\\/schema\\\/person\\\/fccdaf45872661cfee27c28c6d545c60\",\"name\":\"admin\",\"image\":{\"@type\":\"ImageObject\",\"inLanguage\":\"pt-BR\",\"@id\":\"https:\\\/\\\/secure.gravatar.com\\\/avatar\\\/79dcbdb2b6bdd7817cb53be05a85960f828f05e25b12ed0288673f8f13407b90?s=96&d=mm&r=g\",\"url\":\"https:\\\/\\\/secure.gravatar.com\\\/avatar\\\/79dcbdb2b6bdd7817cb53be05a85960f828f05e25b12ed0288673f8f13407b90?s=96&d=mm&r=g\",\"contentUrl\":\"https:\\\/\\\/secure.gravatar.com\\\/avatar\\\/79dcbdb2b6bdd7817cb53be05a85960f828f05e25b12ed0288673f8f13407b90?s=96&d=mm&r=g\",\"caption\":\"admin\"},\"description\":\"Roseana Murray \u00e9 poeta e escritora, tecendo palavras que transformam o cotidiano em delicadeza, afeto e imagina\u00e7\u00e3o.\",\"sameAs\":[\"https:\\\/\\\/roseanamurray.com\\\/site\",\"https:\\\/\\\/www.facebook.com\\\/roseana.murray\\\/\",\"https:\\\/\\\/www.instagram.com\\\/roseanamurray\",\"https:\\\/\\\/www.youtube.com\\\/channel\\\/UC3CYVIbf6pyVaM1OM5n-thQ\"],\"url\":\"https:\\\/\\\/roseanamurray.com\\\/site\\\/author\\\/admin\\\/\"}]}<\/script>\n<!-- \/ Yoast SEO plugin. -->","yoast_head_json":{"title":"Escola Municipalizada Onze de Junho - Roseana Murray","robots":{"index":"index","follow":"follow","max-snippet":"max-snippet:-1","max-image-preview":"max-image-preview:large","max-video-preview":"max-video-preview:-1"},"canonical":"https:\/\/roseanamurray.com\/site\/2018\/05\/21\/escola-municipalizada-onze-de-junho\/","og_locale":"pt_BR","og_type":"article","og_title":"Escola Municipalizada Onze de Junho - Roseana Murray","og_description":"Hoje nosso encontro do Caf\u00e9, P\u00e3o e Texto com os professores foi diferente. A Escola Municipalizada Onze de Junho, de Itabora\u00ed, esse ano faz um projeto com os alunos sobre Democracia e queriam ouvir o Juan Arias e seu olhar estrangeiro. Foi um encontro riqu\u00edssimo. Juan trouxe a sua vasta experi\u00eancia de jornalismo: quarenta anos na It\u00e1lia e no Vaticano como correspondente, alguns anos no franquismo na Espanha, escrevendo com um censor ao lado, seus anos na Rai, televis\u00e3o italiana e dezenove anos de jornalismo no Brasil. Juan que viveu a Guerra Civil quando crian\u00e7a, que passou anos muito dif\u00edceis de p\u00f3s guerra, fome e ditadura, com tantos anos dedicados ao jornalismo, colocou com muita propriedade, em pauta, as fragilidades da nossa democracia, ( indo primeiro at\u00e9 a Grecia, at\u00e9 a etmologia da palavra) e as nossas esperan\u00e7as. Foram muitas perguntas. Alguns relatos. Muitos abra\u00e7os. Um belo caf\u00e9 da manh\u00e3. Hoje fui ouvinte.","og_url":"https:\/\/roseanamurray.com\/site\/2018\/05\/21\/escola-municipalizada-onze-de-junho\/","og_site_name":"Roseana Murray","article_publisher":"https:\/\/www.facebook.com\/roseana.murray\/","article_author":"https:\/\/www.facebook.com\/roseana.murray\/","article_published_time":"2018-05-21T17:06:11+00:00","author":"admin","twitter_card":"summary_large_image","twitter_misc":{"Escrito por":"admin","Est. tempo de leitura":"1 minuto"},"schema":{"@context":"https:\/\/schema.org","@graph":[{"@type":"Article","@id":"https:\/\/roseanamurray.com\/site\/2018\/05\/21\/escola-municipalizada-onze-de-junho\/#article","isPartOf":{"@id":"https:\/\/roseanamurray.com\/site\/2018\/05\/21\/escola-municipalizada-onze-de-junho\/"},"author":{"name":"admin","@id":"https:\/\/roseanamurray.com\/site\/#\/schema\/person\/fccdaf45872661cfee27c28c6d545c60"},"headline":"Escola Municipalizada Onze de Junho","datePublished":"2018-05-21T17:06:11+00:00","mainEntityOfPage":{"@id":"https:\/\/roseanamurray.com\/site\/2018\/05\/21\/escola-municipalizada-onze-de-junho\/"},"wordCount":167,"commentCount":0,"publisher":{"@id":"https:\/\/roseanamurray.com\/site\/#organization"},"image":{"@id":"https:\/\/roseanamurray.com\/site\/2018\/05\/21\/escola-municipalizada-onze-de-junho\/#primaryimage"},"thumbnailUrl":"","articleSection":["Caf\u00e9, P\u00e3o e Texto"],"inLanguage":"pt-BR","potentialAction":[{"@type":"CommentAction","name":"Comment","target":["https:\/\/roseanamurray.com\/site\/2018\/05\/21\/escola-municipalizada-onze-de-junho\/#respond"]}]},{"@type":"WebPage","@id":"https:\/\/roseanamurray.com\/site\/2018\/05\/21\/escola-municipalizada-onze-de-junho\/","url":"https:\/\/roseanamurray.com\/site\/2018\/05\/21\/escola-municipalizada-onze-de-junho\/","name":"Escola Municipalizada Onze de Junho - Roseana Murray","isPartOf":{"@id":"https:\/\/roseanamurray.com\/site\/#website"},"primaryImageOfPage":{"@id":"https:\/\/roseanamurray.com\/site\/2018\/05\/21\/escola-municipalizada-onze-de-junho\/#primaryimage"},"image":{"@id":"https:\/\/roseanamurray.com\/site\/2018\/05\/21\/escola-municipalizada-onze-de-junho\/#primaryimage"},"thumbnailUrl":"","datePublished":"2018-05-21T17:06:11+00:00","breadcrumb":{"@id":"https:\/\/roseanamurray.com\/site\/2018\/05\/21\/escola-municipalizada-onze-de-junho\/#breadcrumb"},"inLanguage":"pt-BR","potentialAction":[{"@type":"ReadAction","target":["https:\/\/roseanamurray.com\/site\/2018\/05\/21\/escola-municipalizada-onze-de-junho\/"]}]},{"@type":"ImageObject","inLanguage":"pt-BR","@id":"https:\/\/roseanamurray.com\/site\/2018\/05\/21\/escola-municipalizada-onze-de-junho\/#primaryimage","url":"","contentUrl":""},{"@type":"BreadcrumbList","@id":"https:\/\/roseanamurray.com\/site\/2018\/05\/21\/escola-municipalizada-onze-de-junho\/#breadcrumb","itemListElement":[{"@type":"ListItem","position":1,"name":"In\u00edcio","item":"https:\/\/roseanamurray.com\/site\/"},{"@type":"ListItem","position":2,"name":"Escola Municipalizada Onze de Junho"}]},{"@type":"WebSite","@id":"https:\/\/roseanamurray.com\/site\/#website","url":"https:\/\/roseanamurray.com\/site\/","name":"Roseana Murray","description":"Poetisa e escritora de livros infanto-juvenis","publisher":{"@id":"https:\/\/roseanamurray.com\/site\/#organization"},"potentialAction":[{"@type":"SearchAction","target":{"@type":"EntryPoint","urlTemplate":"https:\/\/roseanamurray.com\/site\/?s={search_term_string}"},"query-input":{"@type":"PropertyValueSpecification","valueRequired":true,"valueName":"search_term_string"}}],"inLanguage":"pt-BR"},{"@type":"Organization","@id":"https:\/\/roseanamurray.com\/site\/#organization","name":"Roseana Murray","url":"https:\/\/roseanamurray.com\/site\/","logo":{"@type":"ImageObject","inLanguage":"pt-BR","@id":"https:\/\/roseanamurray.com\/site\/#\/schema\/logo\/image\/","url":"https:\/\/roseanamurray.com\/site\/wp-content\/uploads\/2025\/09\/roseana_murray-10.jpeg","contentUrl":"https:\/\/roseanamurray.com\/site\/wp-content\/uploads\/2025\/09\/roseana_murray-10.jpeg","width":640,"height":427,"caption":"Roseana Murray"},"image":{"@id":"https:\/\/roseanamurray.com\/site\/#\/schema\/logo\/image\/"},"sameAs":["https:\/\/www.facebook.com\/roseana.murray\/","https:\/\/www.instagram.com\/roseanamurray","https:\/\/www.youtube.com\/channel\/UC3CYVIbf6pyVaM1OM5n-thQ"]},{"@type":"Person","@id":"https:\/\/roseanamurray.com\/site\/#\/schema\/person\/fccdaf45872661cfee27c28c6d545c60","name":"admin","image":{"@type":"ImageObject","inLanguage":"pt-BR","@id":"https:\/\/secure.gravatar.com\/avatar\/79dcbdb2b6bdd7817cb53be05a85960f828f05e25b12ed0288673f8f13407b90?s=96&d=mm&r=g","url":"https:\/\/secure.gravatar.com\/avatar\/79dcbdb2b6bdd7817cb53be05a85960f828f05e25b12ed0288673f8f13407b90?s=96&d=mm&r=g","contentUrl":"https:\/\/secure.gravatar.com\/avatar\/79dcbdb2b6bdd7817cb53be05a85960f828f05e25b12ed0288673f8f13407b90?s=96&d=mm&r=g","caption":"admin"},"description":"Roseana Murray \u00e9 poeta e escritora, tecendo palavras que transformam o cotidiano em delicadeza, afeto e imagina\u00e7\u00e3o.","sameAs":["https:\/\/roseanamurray.com\/site","https:\/\/www.facebook.com\/roseana.murray\/","https:\/\/www.instagram.com\/roseanamurray","https:\/\/www.youtube.com\/channel\/UC3CYVIbf6pyVaM1OM5n-thQ"],"url":"https:\/\/roseanamurray.com\/site\/author\/admin\/"}]}},"_links":{"self":[{"href":"https:\/\/roseanamurray.com\/site\/wp-json\/wp\/v2\/posts\/749","targetHints":{"allow":["GET"]}}],"collection":[{"href":"https:\/\/roseanamurray.com\/site\/wp-json\/wp\/v2\/posts"}],"about":[{"href":"https:\/\/roseanamurray.com\/site\/wp-json\/wp\/v2\/types\/post"}],"author":[{"embeddable":true,"href":"https:\/\/roseanamurray.com\/site\/wp-json\/wp\/v2\/users\/1"}],"replies":[{"embeddable":true,"href":"https:\/\/roseanamurray.com\/site\/wp-json\/wp\/v2\/comments?post=749"}],"version-history":[{"count":0,"href":"https:\/\/roseanamurray.com\/site\/wp-json\/wp\/v2\/posts\/749\/revisions"}],"wp:attachment":[{"href":"https:\/\/roseanamurray.com\/site\/wp-json\/wp\/v2\/media?parent=749"}],"wp:term":[{"taxonomy":"category","embeddable":true,"href":"https:\/\/roseanamurray.com\/site\/wp-json\/wp\/v2\/categories?post=749"},{"taxonomy":"post_tag","embeddable":true,"href":"https:\/\/roseanamurray.com\/site\/wp-json\/wp\/v2\/tags?post=749"}],"curies":[{"name":"wp","href":"https:\/\/api.w.org\/{rel}","templated":true}]}}