{"id":701,"date":"2018-02-27T14:53:33","date_gmt":"2018-02-27T17:53:33","guid":{"rendered":"http:\/\/roseanamurray.com\/site\/?p=701"},"modified":"2018-02-27T14:53:33","modified_gmt":"2018-02-27T17:53:33","slug":"clube-de-leitura-da-casa-amarela-9","status":"publish","type":"post","link":"https:\/\/roseanamurray.com\/site\/2018\/02\/27\/clube-de-leitura-da-casa-amarela-9\/","title":{"rendered":"Clube de Leitura da Casa Amarela"},"content":{"rendered":"<p><img fetchpriority=\"high\" decoding=\"async\" src=\"http:\/\/roseanamurray.com\/site\/wp-content\/uploads\/2018\/02\/111128165071_1597776836996830_6674849640122669536_o.jpg\" alt=\"111128165071_1597776836996830_6674849640122669536_o\" width=\"768\" height=\"732\" class=\"alignnone size-full wp-image-703\" \/><\/p>\n<p>Ontem aconteceram v\u00e1rios milagres.<\/p>\n<p>O tempo amanheceu bel\u00edssimo, quando na v\u00e9spera havia chovido torrencialmente. A temperatura era de para\u00edso.<\/p>\n<p>Acordei bem cedo para fazer os p\u00e3es.<\/p>\n<p>O segundo milagre \u00e9 o que se repete a cada encontro desde 2010:<br \/>\nAs pessoas chegam com sua alegria, para essa comunh\u00e3o entre literatura e amizade, regada a p\u00e3o e vinho, comida maravilhosa, fog\u00e3o de lenha aceso e m\u00fasica do mar.<\/p>\n<p>Confesso que sempre me espanto de que o Clube de Leitura continue existindo e que novas pessoas continuem chegando.<\/p>\n<p>Ontem veio pela primeira vez Marcia Borges uma leitora incr\u00edvel. Edith Lacerda veio tamb\u00e9m.<\/p>\n<p>Quando ganhei o livro A Assinatura de Todas as Coisas de Elizabeth Gilbert, n\u00e3o dei um tost\u00e3o por ele. Autora de best seller, escreveu Comer, Rezar e Amar, que virou filme. Deve ter ganho rios de dinheiro, mas o livro segue uma receita f\u00e1cil e n\u00e3o aconselharia a sua leitura em nosso Clube.<\/p>\n<p>A assinatura de Todas as Coisas ficou em cima da bancada onde vivem os livros ao alcance da m\u00e3o e um dia eu disse: ganhei t\u00e3o gentilmente de presente da Flora, vou ler.<\/p>\n<p>E a minha surpresa foi imensa e n\u00e3o parei de me espantar at\u00e9 a \u00faltima linha.<\/p>\n<p>Entramos no s\u00e9culo XIX, no pr\u00f3logo, com o nascimento de Alma em 1800.<\/p>\n<p>E todas as quest\u00f5es do s\u00e9culo est\u00e3o postas com uma trama extraordin\u00e1ria, uma linguagem fluida, um trabalho de pesquisa de bot\u00e2nica impressionante.<\/p>\n<p>\u00c9 raro encontrar personagens t\u00e3o densos e interessantes, que conservam sua coer\u00eancia durante todo o livro.<\/p>\n<p>Que a literatura opere esse milagre a cada livro \u00e9 a maior d\u00e1diva da exist\u00eancia: somos transportados no tempo, nesse livro viajamos duzentos anos num abrir e fechar de olhos, entramos no corpo e no psiquismo de outras pessoas, sentimos o que sentem, numa gama imensa de emo\u00e7\u00f5es&#8230;<\/p>\n<p>Todos os leitores amaram o livro.<\/p>\n<p>E nosso poeta escolhido foi Cruz e Souza. Gilcilene Cardoso, nossa maranhense, negra bel\u00edssima, foi a primeira a contar a sua hist\u00f3ria mas antes fez um depoimento impressionante. Disse: as cadeias est\u00e3o cheias de negros, porque n\u00e3o puderam estudar. Olhem Cruz e Souza, filho de escravos alforriados, estudou e que poeta magn\u00edfico!<\/p>\n<p>Sua poesia \u00e9 pura m\u00fasica. M\u00fasica triste.<\/p>\n<p>Nosso almo\u00e7o \u00e9 sempre uma festa. Festejamos os aniversariantes Samuel, nosso jardineiro, Fernando e \u00c2ngela, que n\u00e3o pode vir.<br \/>\nJ\u00e1 no fim da tarde chegou Rafael Santana de surpresa e deu para quem ainda estava aqui uma aula fant\u00e1stica de M\u00e1rio S\u00e1 Carneiro.<br \/>\nNosso pr\u00f3ximo encontro ser\u00e1 dia 5 de maio.<\/p>\n<p>Os livros ser\u00e3o Outros Cantos de Maria Val\u00e9ria Rezende e Dona Purcina, A Matriarca dos Loucos, de Cineas Santos.<\/p>\n<p>O poeta, Carlos Nejar.<\/p>\n","protected":false},"excerpt":{"rendered":"<p>Ontem aconteceram v\u00e1rios milagres. O tempo amanheceu bel\u00edssimo, quando na v\u00e9spera havia chovido torrencialmente. A temperatura era de para\u00edso. Acordei bem cedo para fazer os p\u00e3es. O segundo milagre \u00e9 o que se repete a cada encontro desde 2010: As pessoas chegam com sua alegria, para essa comunh\u00e3o entre literatura e amizade, regada a p\u00e3o e vinho, comida maravilhosa, fog\u00e3o de lenha aceso e m\u00fasica do mar. Confesso que sempre me espanto de que o Clube de Leitura continue existindo e que novas pessoas continuem chegando. Ontem veio pela primeira vez Marcia Borges uma leitora incr\u00edvel. Edith Lacerda veio tamb\u00e9m. Quando ganhei o livro A Assinatura de Todas as Coisas de Elizabeth Gilbert, n\u00e3o dei um tost\u00e3o por ele. Autora de best seller, escreveu Comer, Rezar e Amar, que virou filme. Deve ter ganho rios de dinheiro, mas o livro segue uma receita f\u00e1cil e n\u00e3o aconselharia a sua leitura em nosso Clube. A assinatura de Todas as Coisas ficou em cima da bancada onde vivem os livros ao alcance da m\u00e3o e um dia eu disse: ganhei t\u00e3o gentilmente de presente da Flora, vou ler. E a minha surpresa foi imensa e n\u00e3o parei de me espantar at\u00e9 a \u00faltima linha. Entramos no s\u00e9culo XIX, no pr\u00f3logo, com o nascimento de Alma em 1800. E todas as quest\u00f5es do s\u00e9culo est\u00e3o postas com uma trama extraordin\u00e1ria, uma linguagem fluida, um trabalho de pesquisa de bot\u00e2nica impressionante. \u00c9 raro encontrar personagens t\u00e3o densos e interessantes, que conservam sua coer\u00eancia durante todo o livro. Que a literatura opere esse milagre a cada livro \u00e9 a maior d\u00e1diva da exist\u00eancia: somos transportados no tempo, nesse livro viajamos duzentos anos num abrir e fechar de olhos, entramos no corpo e no psiquismo de outras pessoas, sentimos o que sentem, numa gama imensa de emo\u00e7\u00f5es&#8230; Todos os leitores amaram o livro. E nosso poeta escolhido foi Cruz e Souza. Gilcilene Cardoso, nossa maranhense, negra bel\u00edssima, foi a primeira a contar a sua hist\u00f3ria mas antes fez um depoimento impressionante. Disse: as cadeias est\u00e3o cheias de negros, porque n\u00e3o puderam estudar. Olhem Cruz e Souza, filho de escravos alforriados, estudou e que poeta magn\u00edfico! Sua poesia \u00e9 pura m\u00fasica. M\u00fasica triste. Nosso almo\u00e7o \u00e9 sempre uma festa. Festejamos os aniversariantes Samuel, nosso jardineiro, Fernando e \u00c2ngela, que n\u00e3o pode vir. J\u00e1 no fim da tarde chegou Rafael Santana de surpresa e deu para quem ainda estava aqui uma aula fant\u00e1stica de M\u00e1rio S\u00e1 Carneiro. Nosso pr\u00f3ximo encontro ser\u00e1 dia 5 de maio. Os livros ser\u00e3o Outros Cantos de Maria Val\u00e9ria Rezende e Dona Purcina, A Matriarca dos Loucos, de Cineas Santos. O poeta, Carlos Nejar.<\/p>\n","protected":false},"author":1,"featured_media":703,"comment_status":"open","ping_status":"open","sticky":false,"template":"","format":"standard","meta":{"footnotes":"","_links_to":"","_links_to_target":""},"categories":[15],"tags":[],"class_list":["post-701","post","type-post","status-publish","format-standard","has-post-thumbnail","hentry","category-clube-de-leitura-da-casa-amarela"],"yoast_head":"<!-- This site is optimized with the Yoast SEO plugin v28.3 - https:\/\/yoast.com\/product\/yoast-seo-wordpress\/ -->\n<title>Clube de Leitura da Casa Amarela - Roseana Murray<\/title>\n<meta name=\"robots\" content=\"index, follow, max-snippet:-1, max-image-preview:large, max-video-preview:-1\" \/>\n<link rel=\"canonical\" href=\"https:\/\/roseanamurray.com\/site\/2018\/02\/27\/clube-de-leitura-da-casa-amarela-9\/\" \/>\n<meta property=\"og:locale\" content=\"pt_BR\" \/>\n<meta property=\"og:type\" content=\"article\" \/>\n<meta property=\"og:title\" content=\"Clube de Leitura da Casa Amarela - Roseana Murray\" \/>\n<meta property=\"og:description\" content=\"Ontem aconteceram v\u00e1rios milagres. O tempo amanheceu bel\u00edssimo, quando na v\u00e9spera havia chovido torrencialmente. A temperatura era de para\u00edso. Acordei bem cedo para fazer os p\u00e3es. O segundo milagre \u00e9 o que se repete a cada encontro desde 2010: As pessoas chegam com sua alegria, para essa comunh\u00e3o entre literatura e amizade, regada a p\u00e3o e vinho, comida maravilhosa, fog\u00e3o de lenha aceso e m\u00fasica do mar. Confesso que sempre me espanto de que o Clube de Leitura continue existindo e que novas pessoas continuem chegando. Ontem veio pela primeira vez Marcia Borges uma leitora incr\u00edvel. Edith Lacerda veio tamb\u00e9m. Quando ganhei o livro A Assinatura de Todas as Coisas de Elizabeth Gilbert, n\u00e3o dei um tost\u00e3o por ele. Autora de best seller, escreveu Comer, Rezar e Amar, que virou filme. Deve ter ganho rios de dinheiro, mas o livro segue uma receita f\u00e1cil e n\u00e3o aconselharia a sua leitura em nosso Clube. A assinatura de Todas as Coisas ficou em cima da bancada onde vivem os livros ao alcance da m\u00e3o e um dia eu disse: ganhei t\u00e3o gentilmente de presente da Flora, vou ler. E a minha surpresa foi imensa e n\u00e3o parei de me espantar at\u00e9 a \u00faltima linha. Entramos no s\u00e9culo XIX, no pr\u00f3logo, com o nascimento de Alma em 1800. E todas as quest\u00f5es do s\u00e9culo est\u00e3o postas com uma trama extraordin\u00e1ria, uma linguagem fluida, um trabalho de pesquisa de bot\u00e2nica impressionante. \u00c9 raro encontrar personagens t\u00e3o densos e interessantes, que conservam sua coer\u00eancia durante todo o livro. Que a literatura opere esse milagre a cada livro \u00e9 a maior d\u00e1diva da exist\u00eancia: somos transportados no tempo, nesse livro viajamos duzentos anos num abrir e fechar de olhos, entramos no corpo e no psiquismo de outras pessoas, sentimos o que sentem, numa gama imensa de emo\u00e7\u00f5es&#8230; Todos os leitores amaram o livro. E nosso poeta escolhido foi Cruz e Souza. Gilcilene Cardoso, nossa maranhense, negra bel\u00edssima, foi a primeira a contar a sua hist\u00f3ria mas antes fez um depoimento impressionante. Disse: as cadeias est\u00e3o cheias de negros, porque n\u00e3o puderam estudar. Olhem Cruz e Souza, filho de escravos alforriados, estudou e que poeta magn\u00edfico! Sua poesia \u00e9 pura m\u00fasica. M\u00fasica triste. Nosso almo\u00e7o \u00e9 sempre uma festa. Festejamos os aniversariantes Samuel, nosso jardineiro, Fernando e \u00c2ngela, que n\u00e3o pode vir. J\u00e1 no fim da tarde chegou Rafael Santana de surpresa e deu para quem ainda estava aqui uma aula fant\u00e1stica de M\u00e1rio S\u00e1 Carneiro. Nosso pr\u00f3ximo encontro ser\u00e1 dia 5 de maio. Os livros ser\u00e3o Outros Cantos de Maria Val\u00e9ria Rezende e Dona Purcina, A Matriarca dos Loucos, de Cineas Santos. O poeta, Carlos Nejar.\" \/>\n<meta property=\"og:url\" content=\"https:\/\/roseanamurray.com\/site\/2018\/02\/27\/clube-de-leitura-da-casa-amarela-9\/\" \/>\n<meta property=\"og:site_name\" content=\"Roseana Murray\" \/>\n<meta property=\"article:publisher\" content=\"https:\/\/www.facebook.com\/roseana.murray\/\" \/>\n<meta property=\"article:author\" content=\"https:\/\/www.facebook.com\/roseana.murray\/\" \/>\n<meta property=\"article:published_time\" content=\"2018-02-27T17:53:33+00:00\" \/>\n<meta name=\"author\" content=\"admin\" \/>\n<meta name=\"twitter:card\" content=\"summary_large_image\" \/>\n<meta name=\"twitter:label1\" content=\"Escrito por\" \/>\n\t<meta name=\"twitter:data1\" content=\"admin\" \/>\n\t<meta name=\"twitter:label2\" content=\"Est. tempo de leitura\" \/>\n\t<meta name=\"twitter:data2\" content=\"2 minutos\" \/>\n<script type=\"application\/ld+json\" class=\"yoast-schema-graph\">{\"@context\":\"https:\\\/\\\/schema.org\",\"@graph\":[{\"@type\":\"Article\",\"@id\":\"https:\\\/\\\/roseanamurray.com\\\/site\\\/2018\\\/02\\\/27\\\/clube-de-leitura-da-casa-amarela-9\\\/#article\",\"isPartOf\":{\"@id\":\"https:\\\/\\\/roseanamurray.com\\\/site\\\/2018\\\/02\\\/27\\\/clube-de-leitura-da-casa-amarela-9\\\/\"},\"author\":{\"name\":\"admin\",\"@id\":\"https:\\\/\\\/roseanamurray.com\\\/site\\\/#\\\/schema\\\/person\\\/fccdaf45872661cfee27c28c6d545c60\"},\"headline\":\"Clube de Leitura da Casa Amarela\",\"datePublished\":\"2018-02-27T17:53:33+00:00\",\"mainEntityOfPage\":{\"@id\":\"https:\\\/\\\/roseanamurray.com\\\/site\\\/2018\\\/02\\\/27\\\/clube-de-leitura-da-casa-amarela-9\\\/\"},\"wordCount\":482,\"commentCount\":0,\"publisher\":{\"@id\":\"https:\\\/\\\/roseanamurray.com\\\/site\\\/#organization\"},\"image\":{\"@id\":\"https:\\\/\\\/roseanamurray.com\\\/site\\\/2018\\\/02\\\/27\\\/clube-de-leitura-da-casa-amarela-9\\\/#primaryimage\"},\"thumbnailUrl\":\"\",\"articleSection\":[\"Clube de Leitura da Casa Amarela\"],\"inLanguage\":\"pt-BR\",\"potentialAction\":[{\"@type\":\"CommentAction\",\"name\":\"Comment\",\"target\":[\"https:\\\/\\\/roseanamurray.com\\\/site\\\/2018\\\/02\\\/27\\\/clube-de-leitura-da-casa-amarela-9\\\/#respond\"]}]},{\"@type\":\"WebPage\",\"@id\":\"https:\\\/\\\/roseanamurray.com\\\/site\\\/2018\\\/02\\\/27\\\/clube-de-leitura-da-casa-amarela-9\\\/\",\"url\":\"https:\\\/\\\/roseanamurray.com\\\/site\\\/2018\\\/02\\\/27\\\/clube-de-leitura-da-casa-amarela-9\\\/\",\"name\":\"Clube de Leitura da Casa Amarela - Roseana Murray\",\"isPartOf\":{\"@id\":\"https:\\\/\\\/roseanamurray.com\\\/site\\\/#website\"},\"primaryImageOfPage\":{\"@id\":\"https:\\\/\\\/roseanamurray.com\\\/site\\\/2018\\\/02\\\/27\\\/clube-de-leitura-da-casa-amarela-9\\\/#primaryimage\"},\"image\":{\"@id\":\"https:\\\/\\\/roseanamurray.com\\\/site\\\/2018\\\/02\\\/27\\\/clube-de-leitura-da-casa-amarela-9\\\/#primaryimage\"},\"thumbnailUrl\":\"\",\"datePublished\":\"2018-02-27T17:53:33+00:00\",\"breadcrumb\":{\"@id\":\"https:\\\/\\\/roseanamurray.com\\\/site\\\/2018\\\/02\\\/27\\\/clube-de-leitura-da-casa-amarela-9\\\/#breadcrumb\"},\"inLanguage\":\"pt-BR\",\"potentialAction\":[{\"@type\":\"ReadAction\",\"target\":[\"https:\\\/\\\/roseanamurray.com\\\/site\\\/2018\\\/02\\\/27\\\/clube-de-leitura-da-casa-amarela-9\\\/\"]}]},{\"@type\":\"ImageObject\",\"inLanguage\":\"pt-BR\",\"@id\":\"https:\\\/\\\/roseanamurray.com\\\/site\\\/2018\\\/02\\\/27\\\/clube-de-leitura-da-casa-amarela-9\\\/#primaryimage\",\"url\":\"\",\"contentUrl\":\"\"},{\"@type\":\"BreadcrumbList\",\"@id\":\"https:\\\/\\\/roseanamurray.com\\\/site\\\/2018\\\/02\\\/27\\\/clube-de-leitura-da-casa-amarela-9\\\/#breadcrumb\",\"itemListElement\":[{\"@type\":\"ListItem\",\"position\":1,\"name\":\"In\u00edcio\",\"item\":\"https:\\\/\\\/roseanamurray.com\\\/site\\\/\"},{\"@type\":\"ListItem\",\"position\":2,\"name\":\"Clube de Leitura da Casa Amarela\"}]},{\"@type\":\"WebSite\",\"@id\":\"https:\\\/\\\/roseanamurray.com\\\/site\\\/#website\",\"url\":\"https:\\\/\\\/roseanamurray.com\\\/site\\\/\",\"name\":\"Roseana Murray\",\"description\":\"Poetisa e escritora de livros infanto-juvenis\",\"publisher\":{\"@id\":\"https:\\\/\\\/roseanamurray.com\\\/site\\\/#organization\"},\"potentialAction\":[{\"@type\":\"SearchAction\",\"target\":{\"@type\":\"EntryPoint\",\"urlTemplate\":\"https:\\\/\\\/roseanamurray.com\\\/site\\\/?s={search_term_string}\"},\"query-input\":{\"@type\":\"PropertyValueSpecification\",\"valueRequired\":true,\"valueName\":\"search_term_string\"}}],\"inLanguage\":\"pt-BR\"},{\"@type\":\"Organization\",\"@id\":\"https:\\\/\\\/roseanamurray.com\\\/site\\\/#organization\",\"name\":\"Roseana Murray\",\"url\":\"https:\\\/\\\/roseanamurray.com\\\/site\\\/\",\"logo\":{\"@type\":\"ImageObject\",\"inLanguage\":\"pt-BR\",\"@id\":\"https:\\\/\\\/roseanamurray.com\\\/site\\\/#\\\/schema\\\/logo\\\/image\\\/\",\"url\":\"https:\\\/\\\/roseanamurray.com\\\/site\\\/wp-content\\\/uploads\\\/2025\\\/09\\\/roseana_murray-10.jpeg\",\"contentUrl\":\"https:\\\/\\\/roseanamurray.com\\\/site\\\/wp-content\\\/uploads\\\/2025\\\/09\\\/roseana_murray-10.jpeg\",\"width\":640,\"height\":427,\"caption\":\"Roseana Murray\"},\"image\":{\"@id\":\"https:\\\/\\\/roseanamurray.com\\\/site\\\/#\\\/schema\\\/logo\\\/image\\\/\"},\"sameAs\":[\"https:\\\/\\\/www.facebook.com\\\/roseana.murray\\\/\",\"https:\\\/\\\/www.instagram.com\\\/roseanamurray\",\"https:\\\/\\\/www.youtube.com\\\/channel\\\/UC3CYVIbf6pyVaM1OM5n-thQ\"]},{\"@type\":\"Person\",\"@id\":\"https:\\\/\\\/roseanamurray.com\\\/site\\\/#\\\/schema\\\/person\\\/fccdaf45872661cfee27c28c6d545c60\",\"name\":\"admin\",\"image\":{\"@type\":\"ImageObject\",\"inLanguage\":\"pt-BR\",\"@id\":\"https:\\\/\\\/secure.gravatar.com\\\/avatar\\\/79dcbdb2b6bdd7817cb53be05a85960f828f05e25b12ed0288673f8f13407b90?s=96&d=mm&r=g\",\"url\":\"https:\\\/\\\/secure.gravatar.com\\\/avatar\\\/79dcbdb2b6bdd7817cb53be05a85960f828f05e25b12ed0288673f8f13407b90?s=96&d=mm&r=g\",\"contentUrl\":\"https:\\\/\\\/secure.gravatar.com\\\/avatar\\\/79dcbdb2b6bdd7817cb53be05a85960f828f05e25b12ed0288673f8f13407b90?s=96&d=mm&r=g\",\"caption\":\"admin\"},\"description\":\"Roseana Murray \u00e9 poeta e escritora, tecendo palavras que transformam o cotidiano em delicadeza, afeto e imagina\u00e7\u00e3o.\",\"sameAs\":[\"https:\\\/\\\/roseanamurray.com\\\/site\",\"https:\\\/\\\/www.facebook.com\\\/roseana.murray\\\/\",\"https:\\\/\\\/www.instagram.com\\\/roseanamurray\",\"https:\\\/\\\/www.youtube.com\\\/channel\\\/UC3CYVIbf6pyVaM1OM5n-thQ\"],\"url\":\"https:\\\/\\\/roseanamurray.com\\\/site\\\/author\\\/admin\\\/\"}]}<\/script>\n<!-- \/ Yoast SEO plugin. -->","yoast_head_json":{"title":"Clube de Leitura da Casa Amarela - Roseana Murray","robots":{"index":"index","follow":"follow","max-snippet":"max-snippet:-1","max-image-preview":"max-image-preview:large","max-video-preview":"max-video-preview:-1"},"canonical":"https:\/\/roseanamurray.com\/site\/2018\/02\/27\/clube-de-leitura-da-casa-amarela-9\/","og_locale":"pt_BR","og_type":"article","og_title":"Clube de Leitura da Casa Amarela - Roseana Murray","og_description":"Ontem aconteceram v\u00e1rios milagres. O tempo amanheceu bel\u00edssimo, quando na v\u00e9spera havia chovido torrencialmente. A temperatura era de para\u00edso. Acordei bem cedo para fazer os p\u00e3es. O segundo milagre \u00e9 o que se repete a cada encontro desde 2010: As pessoas chegam com sua alegria, para essa comunh\u00e3o entre literatura e amizade, regada a p\u00e3o e vinho, comida maravilhosa, fog\u00e3o de lenha aceso e m\u00fasica do mar. Confesso que sempre me espanto de que o Clube de Leitura continue existindo e que novas pessoas continuem chegando. Ontem veio pela primeira vez Marcia Borges uma leitora incr\u00edvel. Edith Lacerda veio tamb\u00e9m. Quando ganhei o livro A Assinatura de Todas as Coisas de Elizabeth Gilbert, n\u00e3o dei um tost\u00e3o por ele. Autora de best seller, escreveu Comer, Rezar e Amar, que virou filme. Deve ter ganho rios de dinheiro, mas o livro segue uma receita f\u00e1cil e n\u00e3o aconselharia a sua leitura em nosso Clube. A assinatura de Todas as Coisas ficou em cima da bancada onde vivem os livros ao alcance da m\u00e3o e um dia eu disse: ganhei t\u00e3o gentilmente de presente da Flora, vou ler. E a minha surpresa foi imensa e n\u00e3o parei de me espantar at\u00e9 a \u00faltima linha. Entramos no s\u00e9culo XIX, no pr\u00f3logo, com o nascimento de Alma em 1800. E todas as quest\u00f5es do s\u00e9culo est\u00e3o postas com uma trama extraordin\u00e1ria, uma linguagem fluida, um trabalho de pesquisa de bot\u00e2nica impressionante. \u00c9 raro encontrar personagens t\u00e3o densos e interessantes, que conservam sua coer\u00eancia durante todo o livro. Que a literatura opere esse milagre a cada livro \u00e9 a maior d\u00e1diva da exist\u00eancia: somos transportados no tempo, nesse livro viajamos duzentos anos num abrir e fechar de olhos, entramos no corpo e no psiquismo de outras pessoas, sentimos o que sentem, numa gama imensa de emo\u00e7\u00f5es&#8230; Todos os leitores amaram o livro. E nosso poeta escolhido foi Cruz e Souza. Gilcilene Cardoso, nossa maranhense, negra bel\u00edssima, foi a primeira a contar a sua hist\u00f3ria mas antes fez um depoimento impressionante. Disse: as cadeias est\u00e3o cheias de negros, porque n\u00e3o puderam estudar. Olhem Cruz e Souza, filho de escravos alforriados, estudou e que poeta magn\u00edfico! Sua poesia \u00e9 pura m\u00fasica. M\u00fasica triste. Nosso almo\u00e7o \u00e9 sempre uma festa. Festejamos os aniversariantes Samuel, nosso jardineiro, Fernando e \u00c2ngela, que n\u00e3o pode vir. J\u00e1 no fim da tarde chegou Rafael Santana de surpresa e deu para quem ainda estava aqui uma aula fant\u00e1stica de M\u00e1rio S\u00e1 Carneiro. Nosso pr\u00f3ximo encontro ser\u00e1 dia 5 de maio. Os livros ser\u00e3o Outros Cantos de Maria Val\u00e9ria Rezende e Dona Purcina, A Matriarca dos Loucos, de Cineas Santos. O poeta, Carlos Nejar.","og_url":"https:\/\/roseanamurray.com\/site\/2018\/02\/27\/clube-de-leitura-da-casa-amarela-9\/","og_site_name":"Roseana Murray","article_publisher":"https:\/\/www.facebook.com\/roseana.murray\/","article_author":"https:\/\/www.facebook.com\/roseana.murray\/","article_published_time":"2018-02-27T17:53:33+00:00","author":"admin","twitter_card":"summary_large_image","twitter_misc":{"Escrito por":"admin","Est. tempo de leitura":"2 minutos"},"schema":{"@context":"https:\/\/schema.org","@graph":[{"@type":"Article","@id":"https:\/\/roseanamurray.com\/site\/2018\/02\/27\/clube-de-leitura-da-casa-amarela-9\/#article","isPartOf":{"@id":"https:\/\/roseanamurray.com\/site\/2018\/02\/27\/clube-de-leitura-da-casa-amarela-9\/"},"author":{"name":"admin","@id":"https:\/\/roseanamurray.com\/site\/#\/schema\/person\/fccdaf45872661cfee27c28c6d545c60"},"headline":"Clube de Leitura da Casa Amarela","datePublished":"2018-02-27T17:53:33+00:00","mainEntityOfPage":{"@id":"https:\/\/roseanamurray.com\/site\/2018\/02\/27\/clube-de-leitura-da-casa-amarela-9\/"},"wordCount":482,"commentCount":0,"publisher":{"@id":"https:\/\/roseanamurray.com\/site\/#organization"},"image":{"@id":"https:\/\/roseanamurray.com\/site\/2018\/02\/27\/clube-de-leitura-da-casa-amarela-9\/#primaryimage"},"thumbnailUrl":"","articleSection":["Clube de Leitura da Casa Amarela"],"inLanguage":"pt-BR","potentialAction":[{"@type":"CommentAction","name":"Comment","target":["https:\/\/roseanamurray.com\/site\/2018\/02\/27\/clube-de-leitura-da-casa-amarela-9\/#respond"]}]},{"@type":"WebPage","@id":"https:\/\/roseanamurray.com\/site\/2018\/02\/27\/clube-de-leitura-da-casa-amarela-9\/","url":"https:\/\/roseanamurray.com\/site\/2018\/02\/27\/clube-de-leitura-da-casa-amarela-9\/","name":"Clube de Leitura da Casa Amarela - Roseana Murray","isPartOf":{"@id":"https:\/\/roseanamurray.com\/site\/#website"},"primaryImageOfPage":{"@id":"https:\/\/roseanamurray.com\/site\/2018\/02\/27\/clube-de-leitura-da-casa-amarela-9\/#primaryimage"},"image":{"@id":"https:\/\/roseanamurray.com\/site\/2018\/02\/27\/clube-de-leitura-da-casa-amarela-9\/#primaryimage"},"thumbnailUrl":"","datePublished":"2018-02-27T17:53:33+00:00","breadcrumb":{"@id":"https:\/\/roseanamurray.com\/site\/2018\/02\/27\/clube-de-leitura-da-casa-amarela-9\/#breadcrumb"},"inLanguage":"pt-BR","potentialAction":[{"@type":"ReadAction","target":["https:\/\/roseanamurray.com\/site\/2018\/02\/27\/clube-de-leitura-da-casa-amarela-9\/"]}]},{"@type":"ImageObject","inLanguage":"pt-BR","@id":"https:\/\/roseanamurray.com\/site\/2018\/02\/27\/clube-de-leitura-da-casa-amarela-9\/#primaryimage","url":"","contentUrl":""},{"@type":"BreadcrumbList","@id":"https:\/\/roseanamurray.com\/site\/2018\/02\/27\/clube-de-leitura-da-casa-amarela-9\/#breadcrumb","itemListElement":[{"@type":"ListItem","position":1,"name":"In\u00edcio","item":"https:\/\/roseanamurray.com\/site\/"},{"@type":"ListItem","position":2,"name":"Clube de Leitura da Casa Amarela"}]},{"@type":"WebSite","@id":"https:\/\/roseanamurray.com\/site\/#website","url":"https:\/\/roseanamurray.com\/site\/","name":"Roseana Murray","description":"Poetisa e escritora de livros infanto-juvenis","publisher":{"@id":"https:\/\/roseanamurray.com\/site\/#organization"},"potentialAction":[{"@type":"SearchAction","target":{"@type":"EntryPoint","urlTemplate":"https:\/\/roseanamurray.com\/site\/?s={search_term_string}"},"query-input":{"@type":"PropertyValueSpecification","valueRequired":true,"valueName":"search_term_string"}}],"inLanguage":"pt-BR"},{"@type":"Organization","@id":"https:\/\/roseanamurray.com\/site\/#organization","name":"Roseana Murray","url":"https:\/\/roseanamurray.com\/site\/","logo":{"@type":"ImageObject","inLanguage":"pt-BR","@id":"https:\/\/roseanamurray.com\/site\/#\/schema\/logo\/image\/","url":"https:\/\/roseanamurray.com\/site\/wp-content\/uploads\/2025\/09\/roseana_murray-10.jpeg","contentUrl":"https:\/\/roseanamurray.com\/site\/wp-content\/uploads\/2025\/09\/roseana_murray-10.jpeg","width":640,"height":427,"caption":"Roseana Murray"},"image":{"@id":"https:\/\/roseanamurray.com\/site\/#\/schema\/logo\/image\/"},"sameAs":["https:\/\/www.facebook.com\/roseana.murray\/","https:\/\/www.instagram.com\/roseanamurray","https:\/\/www.youtube.com\/channel\/UC3CYVIbf6pyVaM1OM5n-thQ"]},{"@type":"Person","@id":"https:\/\/roseanamurray.com\/site\/#\/schema\/person\/fccdaf45872661cfee27c28c6d545c60","name":"admin","image":{"@type":"ImageObject","inLanguage":"pt-BR","@id":"https:\/\/secure.gravatar.com\/avatar\/79dcbdb2b6bdd7817cb53be05a85960f828f05e25b12ed0288673f8f13407b90?s=96&d=mm&r=g","url":"https:\/\/secure.gravatar.com\/avatar\/79dcbdb2b6bdd7817cb53be05a85960f828f05e25b12ed0288673f8f13407b90?s=96&d=mm&r=g","contentUrl":"https:\/\/secure.gravatar.com\/avatar\/79dcbdb2b6bdd7817cb53be05a85960f828f05e25b12ed0288673f8f13407b90?s=96&d=mm&r=g","caption":"admin"},"description":"Roseana Murray \u00e9 poeta e escritora, tecendo palavras que transformam o cotidiano em delicadeza, afeto e imagina\u00e7\u00e3o.","sameAs":["https:\/\/roseanamurray.com\/site","https:\/\/www.facebook.com\/roseana.murray\/","https:\/\/www.instagram.com\/roseanamurray","https:\/\/www.youtube.com\/channel\/UC3CYVIbf6pyVaM1OM5n-thQ"],"url":"https:\/\/roseanamurray.com\/site\/author\/admin\/"}]}},"_links":{"self":[{"href":"https:\/\/roseanamurray.com\/site\/wp-json\/wp\/v2\/posts\/701","targetHints":{"allow":["GET"]}}],"collection":[{"href":"https:\/\/roseanamurray.com\/site\/wp-json\/wp\/v2\/posts"}],"about":[{"href":"https:\/\/roseanamurray.com\/site\/wp-json\/wp\/v2\/types\/post"}],"author":[{"embeddable":true,"href":"https:\/\/roseanamurray.com\/site\/wp-json\/wp\/v2\/users\/1"}],"replies":[{"embeddable":true,"href":"https:\/\/roseanamurray.com\/site\/wp-json\/wp\/v2\/comments?post=701"}],"version-history":[{"count":0,"href":"https:\/\/roseanamurray.com\/site\/wp-json\/wp\/v2\/posts\/701\/revisions"}],"wp:attachment":[{"href":"https:\/\/roseanamurray.com\/site\/wp-json\/wp\/v2\/media?parent=701"}],"wp:term":[{"taxonomy":"category","embeddable":true,"href":"https:\/\/roseanamurray.com\/site\/wp-json\/wp\/v2\/categories?post=701"},{"taxonomy":"post_tag","embeddable":true,"href":"https:\/\/roseanamurray.com\/site\/wp-json\/wp\/v2\/tags?post=701"}],"curies":[{"name":"wp","href":"https:\/\/api.w.org\/{rel}","templated":true}]}}