{"id":609,"date":"2017-05-12T14:34:54","date_gmt":"2017-05-12T17:34:54","guid":{"rendered":"http:\/\/roseanamurray.com\/site\/?p=609"},"modified":"2017-05-12T14:34:54","modified_gmt":"2017-05-12T17:34:54","slug":"e-m-marcilio-dias","status":"publish","type":"post","link":"https:\/\/roseanamurray.com\/site\/2017\/05\/12\/e-m-marcilio-dias\/","title":{"rendered":"E.M. Marc\u00edlio Dias"},"content":{"rendered":"<p><img fetchpriority=\"high\" decoding=\"async\" src=\"http:\/\/roseanamurray.com\/site\/wp-content\/uploads\/2017\/05\/e-m-marcilio-dias-sao-goncalo.jpg\" alt=\"e-m-marcilio-dias-sao-goncalo\" width=\"960\" height=\"540\" class=\"alignnone size-full wp-image-610\" \/><\/p>\n<p>Quando o \u00f4nibus que trazia as crian\u00e7as e jovens da E.M. Marc\u00edlio Dias, de S\u00e3o Gon\u00e7alo, encostou na porta da casa, a Diretora Cristina Brito me disse:<br \/>\n&#8211; Quase n\u00e3o pudemos vir. Hoje houve confronto na Comunidade do Salgueiro, com muito tiroteio<br \/>\nMas a escola faz um trabalho lindo com leitura e acho que este grupo que veio ao meu Caf\u00e9, P\u00e3o e Texto est\u00e1 salvo.<br \/>\nFalamos sobre todos os temas. Viol\u00eancia, tr\u00e1fico de drogas, identifica\u00e7\u00e3o dos jovens com os bandidos, poder, corrup\u00e7\u00e3o, injusti\u00e7a social, mis\u00e9ria em todos os seus sentidos.<br \/>\nFalamos sobre amor, paz, compaix\u00e3o, bondade.<br \/>\nFalamos sobre o poder da literatura para nos conhecermos, para fazermos as melhores escolhas.<br \/>\nAmanda ganhou um Concurso de contos pelo Munic\u00edpio e eu li o seu conto, bel\u00edssimo.<br \/>\nContei um pouco da minha vida, dos meus caminhos. Das coisas dif\u00edceis que tive que enfrentar e como consegui superar.<br \/>\nTomamos caf\u00e9 da manh\u00e2 juntos. Fomos \u00e0 praia ver o mar.<br \/>\nAntes de ir embora, uma jovem bel\u00edssima me pediu:<br \/>\n&#8211; Diga alguma coisa que eu possa levar para a minha vida.<br \/>\nEu disse.<br \/>\nGanhei um beijo e um abra\u00e7o de cada um.<br \/>\nAgrade\u00e7o ao Professor Jos\u00e9 Leonardo ter me dado essa manh\u00e3 de presente.<br \/>\nAgrade\u00e7o a luz dos olhos da Cristina e N\u00fabia, por lutarem por essas crian\u00e7as e jovens com tanto amor.<br \/>\nRecebi um presente lindo. Um cabide decorado , meus poemas copiados pelos alunos, pendurados no cabide, com fitas e la\u00e7os.<br \/>\nE que eu possa receber belas not\u00edcias dessas pessoas t\u00e3o lindas que vieram aqui. Que elas escapem da armadilha onde est\u00e3o aprisionadas e possam voar muito alto.<\/p>\n","protected":false},"excerpt":{"rendered":"<p>Quando o \u00f4nibus que trazia as crian\u00e7as e jovens da E.M. Marc\u00edlio Dias, de S\u00e3o Gon\u00e7alo, encostou na porta da casa, a Diretora Cristina Brito me disse: &#8211; Quase n\u00e3o pudemos vir. Hoje houve confronto na Comunidade do Salgueiro, com muito tiroteio Mas a escola faz um trabalho lindo com leitura e acho que este grupo que veio ao meu Caf\u00e9, P\u00e3o e Texto est\u00e1 salvo. Falamos sobre todos os temas. Viol\u00eancia, tr\u00e1fico de drogas, identifica\u00e7\u00e3o dos jovens com os bandidos, poder, corrup\u00e7\u00e3o, injusti\u00e7a social, mis\u00e9ria em todos os seus sentidos. Falamos sobre amor, paz, compaix\u00e3o, bondade. Falamos sobre o poder da literatura para nos conhecermos, para fazermos as melhores escolhas. Amanda ganhou um Concurso de contos pelo Munic\u00edpio e eu li o seu conto, bel\u00edssimo. Contei um pouco da minha vida, dos meus caminhos. Das coisas dif\u00edceis que tive que enfrentar e como consegui superar. Tomamos caf\u00e9 da manh\u00e2 juntos. Fomos \u00e0 praia ver o mar. Antes de ir embora, uma jovem bel\u00edssima me pediu: &#8211; Diga alguma coisa que eu possa levar para a minha vida. Eu disse. Ganhei um beijo e um abra\u00e7o de cada um. Agrade\u00e7o ao Professor Jos\u00e9 Leonardo ter me dado essa manh\u00e3 de presente. Agrade\u00e7o a luz dos olhos da Cristina e N\u00fabia, por lutarem por essas crian\u00e7as e jovens com tanto amor. Recebi um presente lindo. Um cabide decorado , meus poemas copiados pelos alunos, pendurados no cabide, com fitas e la\u00e7os. E que eu possa receber belas not\u00edcias dessas pessoas t\u00e3o lindas que vieram aqui. Que elas escapem da armadilha onde est\u00e3o aprisionadas e possam voar muito alto.<\/p>\n","protected":false},"author":1,"featured_media":610,"comment_status":"open","ping_status":"open","sticky":false,"template":"","format":"standard","meta":{"footnotes":"","_links_to":"","_links_to_target":""},"categories":[14],"tags":[],"class_list":["post-609","post","type-post","status-publish","format-standard","has-post-thumbnail","hentry","category-cafe-pao-e-texto"],"yoast_head":"<!-- This site is optimized with the Yoast SEO plugin v28.3 - https:\/\/yoast.com\/product\/yoast-seo-wordpress\/ -->\n<title>E.M. Marc\u00edlio Dias - Roseana Murray<\/title>\n<meta name=\"robots\" content=\"index, follow, max-snippet:-1, max-image-preview:large, max-video-preview:-1\" \/>\n<link rel=\"canonical\" href=\"https:\/\/roseanamurray.com\/site\/2017\/05\/12\/e-m-marcilio-dias\/\" \/>\n<meta property=\"og:locale\" content=\"pt_BR\" \/>\n<meta property=\"og:type\" content=\"article\" \/>\n<meta property=\"og:title\" content=\"E.M. Marc\u00edlio Dias - Roseana Murray\" \/>\n<meta property=\"og:description\" content=\"Quando o \u00f4nibus que trazia as crian\u00e7as e jovens da E.M. Marc\u00edlio Dias, de S\u00e3o Gon\u00e7alo, encostou na porta da casa, a Diretora Cristina Brito me disse: &#8211; Quase n\u00e3o pudemos vir. Hoje houve confronto na Comunidade do Salgueiro, com muito tiroteio Mas a escola faz um trabalho lindo com leitura e acho que este grupo que veio ao meu Caf\u00e9, P\u00e3o e Texto est\u00e1 salvo. Falamos sobre todos os temas. Viol\u00eancia, tr\u00e1fico de drogas, identifica\u00e7\u00e3o dos jovens com os bandidos, poder, corrup\u00e7\u00e3o, injusti\u00e7a social, mis\u00e9ria em todos os seus sentidos. Falamos sobre amor, paz, compaix\u00e3o, bondade. Falamos sobre o poder da literatura para nos conhecermos, para fazermos as melhores escolhas. Amanda ganhou um Concurso de contos pelo Munic\u00edpio e eu li o seu conto, bel\u00edssimo. Contei um pouco da minha vida, dos meus caminhos. Das coisas dif\u00edceis que tive que enfrentar e como consegui superar. Tomamos caf\u00e9 da manh\u00e2 juntos. Fomos \u00e0 praia ver o mar. Antes de ir embora, uma jovem bel\u00edssima me pediu: &#8211; Diga alguma coisa que eu possa levar para a minha vida. Eu disse. Ganhei um beijo e um abra\u00e7o de cada um. Agrade\u00e7o ao Professor Jos\u00e9 Leonardo ter me dado essa manh\u00e3 de presente. Agrade\u00e7o a luz dos olhos da Cristina e N\u00fabia, por lutarem por essas crian\u00e7as e jovens com tanto amor. Recebi um presente lindo. Um cabide decorado , meus poemas copiados pelos alunos, pendurados no cabide, com fitas e la\u00e7os. E que eu possa receber belas not\u00edcias dessas pessoas t\u00e3o lindas que vieram aqui. Que elas escapem da armadilha onde est\u00e3o aprisionadas e possam voar muito alto.\" \/>\n<meta property=\"og:url\" content=\"https:\/\/roseanamurray.com\/site\/2017\/05\/12\/e-m-marcilio-dias\/\" \/>\n<meta property=\"og:site_name\" content=\"Roseana Murray\" \/>\n<meta property=\"article:publisher\" content=\"https:\/\/www.facebook.com\/roseana.murray\/\" \/>\n<meta property=\"article:author\" content=\"https:\/\/www.facebook.com\/roseana.murray\/\" \/>\n<meta property=\"article:published_time\" content=\"2017-05-12T17:34:54+00:00\" \/>\n<meta name=\"author\" content=\"admin\" \/>\n<meta name=\"twitter:card\" content=\"summary_large_image\" \/>\n<meta name=\"twitter:label1\" content=\"Escrito por\" \/>\n\t<meta name=\"twitter:data1\" content=\"admin\" \/>\n\t<meta name=\"twitter:label2\" content=\"Est. tempo de leitura\" \/>\n\t<meta name=\"twitter:data2\" content=\"1 minuto\" \/>\n<script type=\"application\/ld+json\" class=\"yoast-schema-graph\">{\"@context\":\"https:\\\/\\\/schema.org\",\"@graph\":[{\"@type\":\"Article\",\"@id\":\"https:\\\/\\\/roseanamurray.com\\\/site\\\/2017\\\/05\\\/12\\\/e-m-marcilio-dias\\\/#article\",\"isPartOf\":{\"@id\":\"https:\\\/\\\/roseanamurray.com\\\/site\\\/2017\\\/05\\\/12\\\/e-m-marcilio-dias\\\/\"},\"author\":{\"name\":\"admin\",\"@id\":\"https:\\\/\\\/roseanamurray.com\\\/site\\\/#\\\/schema\\\/person\\\/fccdaf45872661cfee27c28c6d545c60\"},\"headline\":\"E.M. Marc\u00edlio Dias\",\"datePublished\":\"2017-05-12T17:34:54+00:00\",\"mainEntityOfPage\":{\"@id\":\"https:\\\/\\\/roseanamurray.com\\\/site\\\/2017\\\/05\\\/12\\\/e-m-marcilio-dias\\\/\"},\"wordCount\":297,\"commentCount\":0,\"publisher\":{\"@id\":\"https:\\\/\\\/roseanamurray.com\\\/site\\\/#organization\"},\"image\":{\"@id\":\"https:\\\/\\\/roseanamurray.com\\\/site\\\/2017\\\/05\\\/12\\\/e-m-marcilio-dias\\\/#primaryimage\"},\"thumbnailUrl\":\"\",\"articleSection\":[\"Caf\u00e9, P\u00e3o e Texto\"],\"inLanguage\":\"pt-BR\",\"potentialAction\":[{\"@type\":\"CommentAction\",\"name\":\"Comment\",\"target\":[\"https:\\\/\\\/roseanamurray.com\\\/site\\\/2017\\\/05\\\/12\\\/e-m-marcilio-dias\\\/#respond\"]}]},{\"@type\":\"WebPage\",\"@id\":\"https:\\\/\\\/roseanamurray.com\\\/site\\\/2017\\\/05\\\/12\\\/e-m-marcilio-dias\\\/\",\"url\":\"https:\\\/\\\/roseanamurray.com\\\/site\\\/2017\\\/05\\\/12\\\/e-m-marcilio-dias\\\/\",\"name\":\"E.M. Marc\u00edlio Dias - Roseana Murray\",\"isPartOf\":{\"@id\":\"https:\\\/\\\/roseanamurray.com\\\/site\\\/#website\"},\"primaryImageOfPage\":{\"@id\":\"https:\\\/\\\/roseanamurray.com\\\/site\\\/2017\\\/05\\\/12\\\/e-m-marcilio-dias\\\/#primaryimage\"},\"image\":{\"@id\":\"https:\\\/\\\/roseanamurray.com\\\/site\\\/2017\\\/05\\\/12\\\/e-m-marcilio-dias\\\/#primaryimage\"},\"thumbnailUrl\":\"\",\"datePublished\":\"2017-05-12T17:34:54+00:00\",\"breadcrumb\":{\"@id\":\"https:\\\/\\\/roseanamurray.com\\\/site\\\/2017\\\/05\\\/12\\\/e-m-marcilio-dias\\\/#breadcrumb\"},\"inLanguage\":\"pt-BR\",\"potentialAction\":[{\"@type\":\"ReadAction\",\"target\":[\"https:\\\/\\\/roseanamurray.com\\\/site\\\/2017\\\/05\\\/12\\\/e-m-marcilio-dias\\\/\"]}]},{\"@type\":\"ImageObject\",\"inLanguage\":\"pt-BR\",\"@id\":\"https:\\\/\\\/roseanamurray.com\\\/site\\\/2017\\\/05\\\/12\\\/e-m-marcilio-dias\\\/#primaryimage\",\"url\":\"\",\"contentUrl\":\"\"},{\"@type\":\"BreadcrumbList\",\"@id\":\"https:\\\/\\\/roseanamurray.com\\\/site\\\/2017\\\/05\\\/12\\\/e-m-marcilio-dias\\\/#breadcrumb\",\"itemListElement\":[{\"@type\":\"ListItem\",\"position\":1,\"name\":\"In\u00edcio\",\"item\":\"https:\\\/\\\/roseanamurray.com\\\/site\\\/\"},{\"@type\":\"ListItem\",\"position\":2,\"name\":\"E.M. Marc\u00edlio Dias\"}]},{\"@type\":\"WebSite\",\"@id\":\"https:\\\/\\\/roseanamurray.com\\\/site\\\/#website\",\"url\":\"https:\\\/\\\/roseanamurray.com\\\/site\\\/\",\"name\":\"Roseana Murray\",\"description\":\"Poetisa e escritora de livros infanto-juvenis\",\"publisher\":{\"@id\":\"https:\\\/\\\/roseanamurray.com\\\/site\\\/#organization\"},\"potentialAction\":[{\"@type\":\"SearchAction\",\"target\":{\"@type\":\"EntryPoint\",\"urlTemplate\":\"https:\\\/\\\/roseanamurray.com\\\/site\\\/?s={search_term_string}\"},\"query-input\":{\"@type\":\"PropertyValueSpecification\",\"valueRequired\":true,\"valueName\":\"search_term_string\"}}],\"inLanguage\":\"pt-BR\"},{\"@type\":\"Organization\",\"@id\":\"https:\\\/\\\/roseanamurray.com\\\/site\\\/#organization\",\"name\":\"Roseana Murray\",\"url\":\"https:\\\/\\\/roseanamurray.com\\\/site\\\/\",\"logo\":{\"@type\":\"ImageObject\",\"inLanguage\":\"pt-BR\",\"@id\":\"https:\\\/\\\/roseanamurray.com\\\/site\\\/#\\\/schema\\\/logo\\\/image\\\/\",\"url\":\"https:\\\/\\\/roseanamurray.com\\\/site\\\/wp-content\\\/uploads\\\/2025\\\/09\\\/roseana_murray-10.jpeg\",\"contentUrl\":\"https:\\\/\\\/roseanamurray.com\\\/site\\\/wp-content\\\/uploads\\\/2025\\\/09\\\/roseana_murray-10.jpeg\",\"width\":640,\"height\":427,\"caption\":\"Roseana Murray\"},\"image\":{\"@id\":\"https:\\\/\\\/roseanamurray.com\\\/site\\\/#\\\/schema\\\/logo\\\/image\\\/\"},\"sameAs\":[\"https:\\\/\\\/www.facebook.com\\\/roseana.murray\\\/\",\"https:\\\/\\\/www.instagram.com\\\/roseanamurray\",\"https:\\\/\\\/www.youtube.com\\\/channel\\\/UC3CYVIbf6pyVaM1OM5n-thQ\"]},{\"@type\":\"Person\",\"@id\":\"https:\\\/\\\/roseanamurray.com\\\/site\\\/#\\\/schema\\\/person\\\/fccdaf45872661cfee27c28c6d545c60\",\"name\":\"admin\",\"image\":{\"@type\":\"ImageObject\",\"inLanguage\":\"pt-BR\",\"@id\":\"https:\\\/\\\/secure.gravatar.com\\\/avatar\\\/79dcbdb2b6bdd7817cb53be05a85960f828f05e25b12ed0288673f8f13407b90?s=96&d=mm&r=g\",\"url\":\"https:\\\/\\\/secure.gravatar.com\\\/avatar\\\/79dcbdb2b6bdd7817cb53be05a85960f828f05e25b12ed0288673f8f13407b90?s=96&d=mm&r=g\",\"contentUrl\":\"https:\\\/\\\/secure.gravatar.com\\\/avatar\\\/79dcbdb2b6bdd7817cb53be05a85960f828f05e25b12ed0288673f8f13407b90?s=96&d=mm&r=g\",\"caption\":\"admin\"},\"description\":\"Roseana Murray \u00e9 poeta e escritora, tecendo palavras que transformam o cotidiano em delicadeza, afeto e imagina\u00e7\u00e3o.\",\"sameAs\":[\"https:\\\/\\\/roseanamurray.com\\\/site\",\"https:\\\/\\\/www.facebook.com\\\/roseana.murray\\\/\",\"https:\\\/\\\/www.instagram.com\\\/roseanamurray\",\"https:\\\/\\\/www.youtube.com\\\/channel\\\/UC3CYVIbf6pyVaM1OM5n-thQ\"],\"url\":\"https:\\\/\\\/roseanamurray.com\\\/site\\\/author\\\/admin\\\/\"}]}<\/script>\n<!-- \/ Yoast SEO plugin. -->","yoast_head_json":{"title":"E.M. Marc\u00edlio Dias - Roseana Murray","robots":{"index":"index","follow":"follow","max-snippet":"max-snippet:-1","max-image-preview":"max-image-preview:large","max-video-preview":"max-video-preview:-1"},"canonical":"https:\/\/roseanamurray.com\/site\/2017\/05\/12\/e-m-marcilio-dias\/","og_locale":"pt_BR","og_type":"article","og_title":"E.M. Marc\u00edlio Dias - Roseana Murray","og_description":"Quando o \u00f4nibus que trazia as crian\u00e7as e jovens da E.M. Marc\u00edlio Dias, de S\u00e3o Gon\u00e7alo, encostou na porta da casa, a Diretora Cristina Brito me disse: &#8211; Quase n\u00e3o pudemos vir. Hoje houve confronto na Comunidade do Salgueiro, com muito tiroteio Mas a escola faz um trabalho lindo com leitura e acho que este grupo que veio ao meu Caf\u00e9, P\u00e3o e Texto est\u00e1 salvo. Falamos sobre todos os temas. Viol\u00eancia, tr\u00e1fico de drogas, identifica\u00e7\u00e3o dos jovens com os bandidos, poder, corrup\u00e7\u00e3o, injusti\u00e7a social, mis\u00e9ria em todos os seus sentidos. Falamos sobre amor, paz, compaix\u00e3o, bondade. Falamos sobre o poder da literatura para nos conhecermos, para fazermos as melhores escolhas. Amanda ganhou um Concurso de contos pelo Munic\u00edpio e eu li o seu conto, bel\u00edssimo. Contei um pouco da minha vida, dos meus caminhos. Das coisas dif\u00edceis que tive que enfrentar e como consegui superar. Tomamos caf\u00e9 da manh\u00e2 juntos. Fomos \u00e0 praia ver o mar. Antes de ir embora, uma jovem bel\u00edssima me pediu: &#8211; Diga alguma coisa que eu possa levar para a minha vida. Eu disse. Ganhei um beijo e um abra\u00e7o de cada um. Agrade\u00e7o ao Professor Jos\u00e9 Leonardo ter me dado essa manh\u00e3 de presente. Agrade\u00e7o a luz dos olhos da Cristina e N\u00fabia, por lutarem por essas crian\u00e7as e jovens com tanto amor. Recebi um presente lindo. Um cabide decorado , meus poemas copiados pelos alunos, pendurados no cabide, com fitas e la\u00e7os. E que eu possa receber belas not\u00edcias dessas pessoas t\u00e3o lindas que vieram aqui. Que elas escapem da armadilha onde est\u00e3o aprisionadas e possam voar muito alto.","og_url":"https:\/\/roseanamurray.com\/site\/2017\/05\/12\/e-m-marcilio-dias\/","og_site_name":"Roseana Murray","article_publisher":"https:\/\/www.facebook.com\/roseana.murray\/","article_author":"https:\/\/www.facebook.com\/roseana.murray\/","article_published_time":"2017-05-12T17:34:54+00:00","author":"admin","twitter_card":"summary_large_image","twitter_misc":{"Escrito por":"admin","Est. tempo de leitura":"1 minuto"},"schema":{"@context":"https:\/\/schema.org","@graph":[{"@type":"Article","@id":"https:\/\/roseanamurray.com\/site\/2017\/05\/12\/e-m-marcilio-dias\/#article","isPartOf":{"@id":"https:\/\/roseanamurray.com\/site\/2017\/05\/12\/e-m-marcilio-dias\/"},"author":{"name":"admin","@id":"https:\/\/roseanamurray.com\/site\/#\/schema\/person\/fccdaf45872661cfee27c28c6d545c60"},"headline":"E.M. Marc\u00edlio Dias","datePublished":"2017-05-12T17:34:54+00:00","mainEntityOfPage":{"@id":"https:\/\/roseanamurray.com\/site\/2017\/05\/12\/e-m-marcilio-dias\/"},"wordCount":297,"commentCount":0,"publisher":{"@id":"https:\/\/roseanamurray.com\/site\/#organization"},"image":{"@id":"https:\/\/roseanamurray.com\/site\/2017\/05\/12\/e-m-marcilio-dias\/#primaryimage"},"thumbnailUrl":"","articleSection":["Caf\u00e9, P\u00e3o e Texto"],"inLanguage":"pt-BR","potentialAction":[{"@type":"CommentAction","name":"Comment","target":["https:\/\/roseanamurray.com\/site\/2017\/05\/12\/e-m-marcilio-dias\/#respond"]}]},{"@type":"WebPage","@id":"https:\/\/roseanamurray.com\/site\/2017\/05\/12\/e-m-marcilio-dias\/","url":"https:\/\/roseanamurray.com\/site\/2017\/05\/12\/e-m-marcilio-dias\/","name":"E.M. Marc\u00edlio Dias - Roseana Murray","isPartOf":{"@id":"https:\/\/roseanamurray.com\/site\/#website"},"primaryImageOfPage":{"@id":"https:\/\/roseanamurray.com\/site\/2017\/05\/12\/e-m-marcilio-dias\/#primaryimage"},"image":{"@id":"https:\/\/roseanamurray.com\/site\/2017\/05\/12\/e-m-marcilio-dias\/#primaryimage"},"thumbnailUrl":"","datePublished":"2017-05-12T17:34:54+00:00","breadcrumb":{"@id":"https:\/\/roseanamurray.com\/site\/2017\/05\/12\/e-m-marcilio-dias\/#breadcrumb"},"inLanguage":"pt-BR","potentialAction":[{"@type":"ReadAction","target":["https:\/\/roseanamurray.com\/site\/2017\/05\/12\/e-m-marcilio-dias\/"]}]},{"@type":"ImageObject","inLanguage":"pt-BR","@id":"https:\/\/roseanamurray.com\/site\/2017\/05\/12\/e-m-marcilio-dias\/#primaryimage","url":"","contentUrl":""},{"@type":"BreadcrumbList","@id":"https:\/\/roseanamurray.com\/site\/2017\/05\/12\/e-m-marcilio-dias\/#breadcrumb","itemListElement":[{"@type":"ListItem","position":1,"name":"In\u00edcio","item":"https:\/\/roseanamurray.com\/site\/"},{"@type":"ListItem","position":2,"name":"E.M. Marc\u00edlio Dias"}]},{"@type":"WebSite","@id":"https:\/\/roseanamurray.com\/site\/#website","url":"https:\/\/roseanamurray.com\/site\/","name":"Roseana Murray","description":"Poetisa e escritora de livros infanto-juvenis","publisher":{"@id":"https:\/\/roseanamurray.com\/site\/#organization"},"potentialAction":[{"@type":"SearchAction","target":{"@type":"EntryPoint","urlTemplate":"https:\/\/roseanamurray.com\/site\/?s={search_term_string}"},"query-input":{"@type":"PropertyValueSpecification","valueRequired":true,"valueName":"search_term_string"}}],"inLanguage":"pt-BR"},{"@type":"Organization","@id":"https:\/\/roseanamurray.com\/site\/#organization","name":"Roseana Murray","url":"https:\/\/roseanamurray.com\/site\/","logo":{"@type":"ImageObject","inLanguage":"pt-BR","@id":"https:\/\/roseanamurray.com\/site\/#\/schema\/logo\/image\/","url":"https:\/\/roseanamurray.com\/site\/wp-content\/uploads\/2025\/09\/roseana_murray-10.jpeg","contentUrl":"https:\/\/roseanamurray.com\/site\/wp-content\/uploads\/2025\/09\/roseana_murray-10.jpeg","width":640,"height":427,"caption":"Roseana Murray"},"image":{"@id":"https:\/\/roseanamurray.com\/site\/#\/schema\/logo\/image\/"},"sameAs":["https:\/\/www.facebook.com\/roseana.murray\/","https:\/\/www.instagram.com\/roseanamurray","https:\/\/www.youtube.com\/channel\/UC3CYVIbf6pyVaM1OM5n-thQ"]},{"@type":"Person","@id":"https:\/\/roseanamurray.com\/site\/#\/schema\/person\/fccdaf45872661cfee27c28c6d545c60","name":"admin","image":{"@type":"ImageObject","inLanguage":"pt-BR","@id":"https:\/\/secure.gravatar.com\/avatar\/79dcbdb2b6bdd7817cb53be05a85960f828f05e25b12ed0288673f8f13407b90?s=96&d=mm&r=g","url":"https:\/\/secure.gravatar.com\/avatar\/79dcbdb2b6bdd7817cb53be05a85960f828f05e25b12ed0288673f8f13407b90?s=96&d=mm&r=g","contentUrl":"https:\/\/secure.gravatar.com\/avatar\/79dcbdb2b6bdd7817cb53be05a85960f828f05e25b12ed0288673f8f13407b90?s=96&d=mm&r=g","caption":"admin"},"description":"Roseana Murray \u00e9 poeta e escritora, tecendo palavras que transformam o cotidiano em delicadeza, afeto e imagina\u00e7\u00e3o.","sameAs":["https:\/\/roseanamurray.com\/site","https:\/\/www.facebook.com\/roseana.murray\/","https:\/\/www.instagram.com\/roseanamurray","https:\/\/www.youtube.com\/channel\/UC3CYVIbf6pyVaM1OM5n-thQ"],"url":"https:\/\/roseanamurray.com\/site\/author\/admin\/"}]}},"_links":{"self":[{"href":"https:\/\/roseanamurray.com\/site\/wp-json\/wp\/v2\/posts\/609","targetHints":{"allow":["GET"]}}],"collection":[{"href":"https:\/\/roseanamurray.com\/site\/wp-json\/wp\/v2\/posts"}],"about":[{"href":"https:\/\/roseanamurray.com\/site\/wp-json\/wp\/v2\/types\/post"}],"author":[{"embeddable":true,"href":"https:\/\/roseanamurray.com\/site\/wp-json\/wp\/v2\/users\/1"}],"replies":[{"embeddable":true,"href":"https:\/\/roseanamurray.com\/site\/wp-json\/wp\/v2\/comments?post=609"}],"version-history":[{"count":0,"href":"https:\/\/roseanamurray.com\/site\/wp-json\/wp\/v2\/posts\/609\/revisions"}],"wp:attachment":[{"href":"https:\/\/roseanamurray.com\/site\/wp-json\/wp\/v2\/media?parent=609"}],"wp:term":[{"taxonomy":"category","embeddable":true,"href":"https:\/\/roseanamurray.com\/site\/wp-json\/wp\/v2\/categories?post=609"},{"taxonomy":"post_tag","embeddable":true,"href":"https:\/\/roseanamurray.com\/site\/wp-json\/wp\/v2\/tags?post=609"}],"curies":[{"name":"wp","href":"https:\/\/api.w.org\/{rel}","templated":true}]}}