{"id":3079,"date":"2023-12-01T19:17:37","date_gmt":"2023-12-01T19:17:37","guid":{"rendered":"https:\/\/roseanamurray.com\/site\/?p=3079"},"modified":"2023-12-01T19:17:52","modified_gmt":"2023-12-01T19:17:52","slug":"colegio-estadual-professor-francisco-de-paula-achiles","status":"publish","type":"post","link":"https:\/\/roseanamurray.com\/site\/2023\/12\/01\/colegio-estadual-professor-francisco-de-paula-achiles\/","title":{"rendered":"Col\u00e9gio Estadual Professor Francisco de Paula Achiles"},"content":{"rendered":"<p><img fetchpriority=\"high\" decoding=\"async\" src=\"https:\/\/roseanamurray.com\/site\/wp-content\/uploads\/2023\/12\/WhatsApp-Image-2023-12-01-at-10.01.47-1024x768.jpeg\" alt=\"\" width=\"800\" height=\"600\" class=\"aligncenter size-large wp-image-3080\" srcset=\"https:\/\/roseanamurray.com\/site\/wp-content\/uploads\/2023\/12\/WhatsApp-Image-2023-12-01-at-10.01.47-1024x768.jpeg 1024w, https:\/\/roseanamurray.com\/site\/wp-content\/uploads\/2023\/12\/WhatsApp-Image-2023-12-01-at-10.01.47-300x225.jpeg 300w, https:\/\/roseanamurray.com\/site\/wp-content\/uploads\/2023\/12\/WhatsApp-Image-2023-12-01-at-10.01.47-768x576.jpeg 768w, https:\/\/roseanamurray.com\/site\/wp-content\/uploads\/2023\/12\/WhatsApp-Image-2023-12-01-at-10.01.47-1536x1152.jpeg 1536w, https:\/\/roseanamurray.com\/site\/wp-content\/uploads\/2023\/12\/WhatsApp-Image-2023-12-01-at-10.01.47.jpeg 1600w\" sizes=\"(max-width: 800px) 100vw, 800px\" \/><\/p>\n<p>A \u00faltima Escola deste ano que veio ao Caf\u00e9, P\u00e3o e Texto, chegou de S.Gon\u00e7alo. O Col\u00e9gio Estadual Professor Francisco de Paula Achiles.<\/p>\n<p>Os alunos eram do 8\u00b0 ano e as Professoras super amorosas: Kesia, Nelma, Priscila e Sula. Veio na caravana a funcion\u00e1ria de limpeza Rose, que trabalha na Escola desde 1988.<\/p>\n<p>\u00c9 uma Escola bem antiga, dentro de uma Comunidade.<\/p>\n<p>Chegaram e foram todos direto para o jardim, estavam soltos, felizes, \u00e0 vontade. A mesa do caf\u00e9 era farta e deixei que se servissem sozinhos. Havia um clima ameno, de profunda amizade entre eles.<\/p>\n<p>Apresentei alguns livros novos e abri um grande espa\u00e7o de fala para eles.<\/p>\n<p>Reivindicaram mais espa\u00e7o de escuta na Escola, menos falta de professores.<\/p>\n<p>E demonstraram uma imensa sensibilidade quando apresentei meu livro Perfumes e falaram dos cheiros que amam. Um menino disse que amava o cheiro do mel. E realmente o afeto corria entre eles como um rio de mel.<\/p>\n<p>Os que estavam deitados no tapete se aconchegavam uns nos outros.<\/p>\n<p>Uma menina disse que sentia o cheiro da morte antes de algu\u00e9m morrer,mas n\u00e3o conseguia explicar, o que daria um conto, o que me lembra a Blimunda do Memorial do Convento, que via os \u00f3rg\u00e3os das pessoas por dentro quando comia miolo de p\u00e3o e sabia se iriam morrer.<\/p>\n<p>A Escola tem aula de teatro e dan\u00e7a, o que \u00e9 uma maravilha. Fiz uma dramatiza\u00e7\u00e3o com um menino e uma menina com um poema e todos amaram.<\/p>\n<p>Para fechar falamos sobre o tema Felicidade, j\u00e1 que meu novo livro, que fiz com William Amorim, \u00e9 todo sobre isso e fiquei surpresa com a beleza do que \u00e9 felicidade para eles.<\/p>\n<p>&#8221; um momento&#8221;, &#8220;algo inesperado&#8221;, &#8220;estar na casa dos av\u00f3s&#8221; e a mesma menina que falou do cheiro da morte, disse que tamb\u00e9m conseguia sentir o cheiro de nostalgia quando o momento de felicidade passa.<\/p>\n<p>Por fim todos n\u00f3s fizemos um desejo em pensamento e gritamos o nosso nome para o Universo ouvir. E fomos at\u00e9 o mar.<\/p>\n<p><img decoding=\"async\" src=\"https:\/\/roseanamurray.com\/site\/wp-content\/uploads\/2023\/12\/WhatsApp-Image-2023-12-01-at-10.01.48-1024x768.jpeg\" alt=\"\" width=\"800\" height=\"600\" class=\"aligncenter size-large wp-image-3081\" srcset=\"https:\/\/roseanamurray.com\/site\/wp-content\/uploads\/2023\/12\/WhatsApp-Image-2023-12-01-at-10.01.48-1024x768.jpeg 1024w, https:\/\/roseanamurray.com\/site\/wp-content\/uploads\/2023\/12\/WhatsApp-Image-2023-12-01-at-10.01.48-300x225.jpeg 300w, https:\/\/roseanamurray.com\/site\/wp-content\/uploads\/2023\/12\/WhatsApp-Image-2023-12-01-at-10.01.48-768x576.jpeg 768w, https:\/\/roseanamurray.com\/site\/wp-content\/uploads\/2023\/12\/WhatsApp-Image-2023-12-01-at-10.01.48-1536x1152.jpeg 1536w, https:\/\/roseanamurray.com\/site\/wp-content\/uploads\/2023\/12\/WhatsApp-Image-2023-12-01-at-10.01.48.jpeg 1600w\" sizes=\"(max-width: 800px) 100vw, 800px\" \/><\/p>\n<p>Pude dar um livro Jardins autografado para cada um, pois ganhei uma caixa da minha amada Bia Hetzel, que sobrou da Editora Manati.<\/p>\n<p>O Caf\u00e9, P\u00e3o e Texto fechou o ano lindamente, trazendo os adolescentes e pr\u00e9 adolescentes, de longe,  at\u00e9 a minha casa, para um encontro singular entre a poesia e tantas sensibilidades. Que cada um encontre seus dons e seus caminhos.<\/p>\n","protected":false},"excerpt":{"rendered":"<p>A \u00faltima Escola deste ano que veio ao Caf\u00e9, P\u00e3o e Texto, chegou de S.Gon\u00e7alo. O Col\u00e9gio Estadual Professor Francisco de Paula Achiles. Os alunos eram do 8\u00b0 ano e as Professoras super amorosas: Kesia, Nelma, Priscila e Sula. Veio na caravana a funcion\u00e1ria de limpeza Rose, que trabalha na Escola desde 1988. \u00c9 uma Escola bem antiga, dentro de uma Comunidade. Chegaram e foram todos direto para o jardim, estavam soltos, felizes, \u00e0 vontade. A mesa do caf\u00e9 era farta e deixei que se servissem sozinhos. Havia um clima ameno, de profunda amizade entre eles. Apresentei alguns livros novos e abri um grande espa\u00e7o de fala para eles. Reivindicaram mais espa\u00e7o de escuta na Escola, menos falta de professores. E demonstraram uma imensa sensibilidade quando apresentei meu livro Perfumes e falaram dos cheiros que amam. Um menino disse que amava o cheiro do mel. E realmente o afeto corria entre eles como um rio de mel. Os que estavam deitados no tapete se aconchegavam uns nos outros. Uma menina disse que sentia o cheiro da morte antes de algu\u00e9m morrer,mas n\u00e3o conseguia explicar, o que daria um conto, o que me lembra a Blimunda do Memorial do Convento, que via os \u00f3rg\u00e3os das pessoas por dentro quando comia miolo de p\u00e3o e sabia se iriam morrer. A Escola tem aula de teatro e dan\u00e7a, o que \u00e9 uma maravilha. Fiz uma dramatiza\u00e7\u00e3o com um menino e uma menina com um poema e todos amaram. Para fechar falamos sobre o tema Felicidade, j\u00e1 que meu novo livro, que fiz com William Amorim, \u00e9 todo sobre isso e fiquei surpresa com a beleza do que \u00e9 felicidade para eles. &#8221; um momento&#8221;, &#8220;algo inesperado&#8221;, &#8220;estar na casa dos av\u00f3s&#8221; e a mesma menina que falou do cheiro da morte, disse que tamb\u00e9m conseguia sentir o cheiro de nostalgia quando o momento de felicidade passa. Por fim todos n\u00f3s fizemos um desejo em pensamento e gritamos o nosso nome para o Universo ouvir. E fomos at\u00e9 o mar. Pude dar um livro Jardins autografado para cada um, pois ganhei uma caixa da minha amada Bia Hetzel, que sobrou da Editora Manati. O Caf\u00e9, P\u00e3o e Texto fechou o ano lindamente, trazendo os adolescentes e pr\u00e9 adolescentes, de longe, at\u00e9 a minha casa, para um encontro singular entre a poesia e tantas sensibilidades. Que cada um encontre seus dons e seus caminhos.<\/p>\n","protected":false},"author":1,"featured_media":3080,"comment_status":"open","ping_status":"open","sticky":false,"template":"","format":"standard","meta":{"footnotes":"","_links_to":"","_links_to_target":""},"categories":[14],"tags":[],"class_list":["post-3079","post","type-post","status-publish","format-standard","has-post-thumbnail","hentry","category-cafe-pao-e-texto"],"yoast_head":"<!-- This site is optimized with the Yoast SEO plugin v28.3 - https:\/\/yoast.com\/product\/yoast-seo-wordpress\/ -->\n<title>Col\u00e9gio Estadual Professor Francisco de Paula Achiles - Roseana Murray<\/title>\n<meta name=\"robots\" content=\"index, follow, max-snippet:-1, max-image-preview:large, max-video-preview:-1\" \/>\n<link rel=\"canonical\" href=\"https:\/\/roseanamurray.com\/site\/2023\/12\/01\/colegio-estadual-professor-francisco-de-paula-achiles\/\" \/>\n<meta property=\"og:locale\" content=\"pt_BR\" \/>\n<meta property=\"og:type\" content=\"article\" \/>\n<meta property=\"og:title\" content=\"Col\u00e9gio Estadual Professor Francisco de Paula Achiles - Roseana Murray\" \/>\n<meta property=\"og:description\" content=\"A \u00faltima Escola deste ano que veio ao Caf\u00e9, P\u00e3o e Texto, chegou de S.Gon\u00e7alo. O Col\u00e9gio Estadual Professor Francisco de Paula Achiles. Os alunos eram do 8\u00b0 ano e as Professoras super amorosas: Kesia, Nelma, Priscila e Sula. Veio na caravana a funcion\u00e1ria de limpeza Rose, que trabalha na Escola desde 1988. \u00c9 uma Escola bem antiga, dentro de uma Comunidade. Chegaram e foram todos direto para o jardim, estavam soltos, felizes, \u00e0 vontade. A mesa do caf\u00e9 era farta e deixei que se servissem sozinhos. Havia um clima ameno, de profunda amizade entre eles. Apresentei alguns livros novos e abri um grande espa\u00e7o de fala para eles. Reivindicaram mais espa\u00e7o de escuta na Escola, menos falta de professores. E demonstraram uma imensa sensibilidade quando apresentei meu livro Perfumes e falaram dos cheiros que amam. Um menino disse que amava o cheiro do mel. E realmente o afeto corria entre eles como um rio de mel. Os que estavam deitados no tapete se aconchegavam uns nos outros. Uma menina disse que sentia o cheiro da morte antes de algu\u00e9m morrer,mas n\u00e3o conseguia explicar, o que daria um conto, o que me lembra a Blimunda do Memorial do Convento, que via os \u00f3rg\u00e3os das pessoas por dentro quando comia miolo de p\u00e3o e sabia se iriam morrer. A Escola tem aula de teatro e dan\u00e7a, o que \u00e9 uma maravilha. Fiz uma dramatiza\u00e7\u00e3o com um menino e uma menina com um poema e todos amaram. Para fechar falamos sobre o tema Felicidade, j\u00e1 que meu novo livro, que fiz com William Amorim, \u00e9 todo sobre isso e fiquei surpresa com a beleza do que \u00e9 felicidade para eles. &#8221; um momento&#8221;, &#8220;algo inesperado&#8221;, &#8220;estar na casa dos av\u00f3s&#8221; e a mesma menina que falou do cheiro da morte, disse que tamb\u00e9m conseguia sentir o cheiro de nostalgia quando o momento de felicidade passa. Por fim todos n\u00f3s fizemos um desejo em pensamento e gritamos o nosso nome para o Universo ouvir. E fomos at\u00e9 o mar. Pude dar um livro Jardins autografado para cada um, pois ganhei uma caixa da minha amada Bia Hetzel, que sobrou da Editora Manati. O Caf\u00e9, P\u00e3o e Texto fechou o ano lindamente, trazendo os adolescentes e pr\u00e9 adolescentes, de longe, at\u00e9 a minha casa, para um encontro singular entre a poesia e tantas sensibilidades. Que cada um encontre seus dons e seus caminhos.\" \/>\n<meta property=\"og:url\" content=\"https:\/\/roseanamurray.com\/site\/2023\/12\/01\/colegio-estadual-professor-francisco-de-paula-achiles\/\" \/>\n<meta property=\"og:site_name\" content=\"Roseana Murray\" \/>\n<meta property=\"article:publisher\" content=\"https:\/\/www.facebook.com\/roseana.murray\/\" \/>\n<meta property=\"article:author\" content=\"https:\/\/www.facebook.com\/roseana.murray\/\" \/>\n<meta property=\"article:published_time\" content=\"2023-12-01T19:17:37+00:00\" \/>\n<meta property=\"article:modified_time\" content=\"2023-12-01T19:17:52+00:00\" \/>\n<meta property=\"og:image\" content=\"https:\/\/roseanamurray.com\/site\/wp-content\/uploads\/2023\/12\/WhatsApp-Image-2023-12-01-at-10.01.47.jpeg\" \/>\n\t<meta property=\"og:image:width\" content=\"1600\" \/>\n\t<meta property=\"og:image:height\" content=\"1200\" \/>\n\t<meta property=\"og:image:type\" content=\"image\/jpeg\" \/>\n<meta name=\"author\" content=\"admin\" \/>\n<meta name=\"twitter:card\" content=\"summary_large_image\" \/>\n<meta name=\"twitter:label1\" content=\"Escrito por\" \/>\n\t<meta name=\"twitter:data1\" content=\"admin\" \/>\n\t<meta name=\"twitter:label2\" content=\"Est. tempo de leitura\" \/>\n\t<meta name=\"twitter:data2\" content=\"2 minutos\" \/>\n<script type=\"application\/ld+json\" class=\"yoast-schema-graph\">{\"@context\":\"https:\\\/\\\/schema.org\",\"@graph\":[{\"@type\":\"Article\",\"@id\":\"https:\\\/\\\/roseanamurray.com\\\/site\\\/2023\\\/12\\\/01\\\/colegio-estadual-professor-francisco-de-paula-achiles\\\/#article\",\"isPartOf\":{\"@id\":\"https:\\\/\\\/roseanamurray.com\\\/site\\\/2023\\\/12\\\/01\\\/colegio-estadual-professor-francisco-de-paula-achiles\\\/\"},\"author\":{\"name\":\"admin\",\"@id\":\"https:\\\/\\\/roseanamurray.com\\\/site\\\/#\\\/schema\\\/person\\\/fccdaf45872661cfee27c28c6d545c60\"},\"headline\":\"Col\u00e9gio Estadual Professor Francisco de Paula Achiles\",\"datePublished\":\"2023-12-01T19:17:37+00:00\",\"dateModified\":\"2023-12-01T19:17:52+00:00\",\"mainEntityOfPage\":{\"@id\":\"https:\\\/\\\/roseanamurray.com\\\/site\\\/2023\\\/12\\\/01\\\/colegio-estadual-professor-francisco-de-paula-achiles\\\/\"},\"wordCount\":417,\"commentCount\":0,\"publisher\":{\"@id\":\"https:\\\/\\\/roseanamurray.com\\\/site\\\/#organization\"},\"image\":{\"@id\":\"https:\\\/\\\/roseanamurray.com\\\/site\\\/2023\\\/12\\\/01\\\/colegio-estadual-professor-francisco-de-paula-achiles\\\/#primaryimage\"},\"thumbnailUrl\":\"https:\\\/\\\/roseanamurray.com\\\/site\\\/wp-content\\\/uploads\\\/2023\\\/12\\\/WhatsApp-Image-2023-12-01-at-10.01.47.jpeg\",\"articleSection\":[\"Caf\u00e9, P\u00e3o e Texto\"],\"inLanguage\":\"pt-BR\",\"potentialAction\":[{\"@type\":\"CommentAction\",\"name\":\"Comment\",\"target\":[\"https:\\\/\\\/roseanamurray.com\\\/site\\\/2023\\\/12\\\/01\\\/colegio-estadual-professor-francisco-de-paula-achiles\\\/#respond\"]}]},{\"@type\":\"WebPage\",\"@id\":\"https:\\\/\\\/roseanamurray.com\\\/site\\\/2023\\\/12\\\/01\\\/colegio-estadual-professor-francisco-de-paula-achiles\\\/\",\"url\":\"https:\\\/\\\/roseanamurray.com\\\/site\\\/2023\\\/12\\\/01\\\/colegio-estadual-professor-francisco-de-paula-achiles\\\/\",\"name\":\"Col\u00e9gio Estadual Professor Francisco de Paula Achiles - Roseana Murray\",\"isPartOf\":{\"@id\":\"https:\\\/\\\/roseanamurray.com\\\/site\\\/#website\"},\"primaryImageOfPage\":{\"@id\":\"https:\\\/\\\/roseanamurray.com\\\/site\\\/2023\\\/12\\\/01\\\/colegio-estadual-professor-francisco-de-paula-achiles\\\/#primaryimage\"},\"image\":{\"@id\":\"https:\\\/\\\/roseanamurray.com\\\/site\\\/2023\\\/12\\\/01\\\/colegio-estadual-professor-francisco-de-paula-achiles\\\/#primaryimage\"},\"thumbnailUrl\":\"https:\\\/\\\/roseanamurray.com\\\/site\\\/wp-content\\\/uploads\\\/2023\\\/12\\\/WhatsApp-Image-2023-12-01-at-10.01.47.jpeg\",\"datePublished\":\"2023-12-01T19:17:37+00:00\",\"dateModified\":\"2023-12-01T19:17:52+00:00\",\"breadcrumb\":{\"@id\":\"https:\\\/\\\/roseanamurray.com\\\/site\\\/2023\\\/12\\\/01\\\/colegio-estadual-professor-francisco-de-paula-achiles\\\/#breadcrumb\"},\"inLanguage\":\"pt-BR\",\"potentialAction\":[{\"@type\":\"ReadAction\",\"target\":[\"https:\\\/\\\/roseanamurray.com\\\/site\\\/2023\\\/12\\\/01\\\/colegio-estadual-professor-francisco-de-paula-achiles\\\/\"]}]},{\"@type\":\"ImageObject\",\"inLanguage\":\"pt-BR\",\"@id\":\"https:\\\/\\\/roseanamurray.com\\\/site\\\/2023\\\/12\\\/01\\\/colegio-estadual-professor-francisco-de-paula-achiles\\\/#primaryimage\",\"url\":\"https:\\\/\\\/roseanamurray.com\\\/site\\\/wp-content\\\/uploads\\\/2023\\\/12\\\/WhatsApp-Image-2023-12-01-at-10.01.47.jpeg\",\"contentUrl\":\"https:\\\/\\\/roseanamurray.com\\\/site\\\/wp-content\\\/uploads\\\/2023\\\/12\\\/WhatsApp-Image-2023-12-01-at-10.01.47.jpeg\",\"width\":1600,\"height\":1200},{\"@type\":\"BreadcrumbList\",\"@id\":\"https:\\\/\\\/roseanamurray.com\\\/site\\\/2023\\\/12\\\/01\\\/colegio-estadual-professor-francisco-de-paula-achiles\\\/#breadcrumb\",\"itemListElement\":[{\"@type\":\"ListItem\",\"position\":1,\"name\":\"In\u00edcio\",\"item\":\"https:\\\/\\\/roseanamurray.com\\\/site\\\/\"},{\"@type\":\"ListItem\",\"position\":2,\"name\":\"Col\u00e9gio Estadual Professor Francisco de Paula Achiles\"}]},{\"@type\":\"WebSite\",\"@id\":\"https:\\\/\\\/roseanamurray.com\\\/site\\\/#website\",\"url\":\"https:\\\/\\\/roseanamurray.com\\\/site\\\/\",\"name\":\"Roseana Murray\",\"description\":\"Poetisa e escritora de livros infanto-juvenis\",\"publisher\":{\"@id\":\"https:\\\/\\\/roseanamurray.com\\\/site\\\/#organization\"},\"potentialAction\":[{\"@type\":\"SearchAction\",\"target\":{\"@type\":\"EntryPoint\",\"urlTemplate\":\"https:\\\/\\\/roseanamurray.com\\\/site\\\/?s={search_term_string}\"},\"query-input\":{\"@type\":\"PropertyValueSpecification\",\"valueRequired\":true,\"valueName\":\"search_term_string\"}}],\"inLanguage\":\"pt-BR\"},{\"@type\":\"Organization\",\"@id\":\"https:\\\/\\\/roseanamurray.com\\\/site\\\/#organization\",\"name\":\"Roseana Murray\",\"url\":\"https:\\\/\\\/roseanamurray.com\\\/site\\\/\",\"logo\":{\"@type\":\"ImageObject\",\"inLanguage\":\"pt-BR\",\"@id\":\"https:\\\/\\\/roseanamurray.com\\\/site\\\/#\\\/schema\\\/logo\\\/image\\\/\",\"url\":\"https:\\\/\\\/roseanamurray.com\\\/site\\\/wp-content\\\/uploads\\\/2025\\\/09\\\/roseana_murray-10.jpeg\",\"contentUrl\":\"https:\\\/\\\/roseanamurray.com\\\/site\\\/wp-content\\\/uploads\\\/2025\\\/09\\\/roseana_murray-10.jpeg\",\"width\":640,\"height\":427,\"caption\":\"Roseana Murray\"},\"image\":{\"@id\":\"https:\\\/\\\/roseanamurray.com\\\/site\\\/#\\\/schema\\\/logo\\\/image\\\/\"},\"sameAs\":[\"https:\\\/\\\/www.facebook.com\\\/roseana.murray\\\/\",\"https:\\\/\\\/www.instagram.com\\\/roseanamurray\",\"https:\\\/\\\/www.youtube.com\\\/channel\\\/UC3CYVIbf6pyVaM1OM5n-thQ\"]},{\"@type\":\"Person\",\"@id\":\"https:\\\/\\\/roseanamurray.com\\\/site\\\/#\\\/schema\\\/person\\\/fccdaf45872661cfee27c28c6d545c60\",\"name\":\"admin\",\"image\":{\"@type\":\"ImageObject\",\"inLanguage\":\"pt-BR\",\"@id\":\"https:\\\/\\\/secure.gravatar.com\\\/avatar\\\/79dcbdb2b6bdd7817cb53be05a85960f828f05e25b12ed0288673f8f13407b90?s=96&d=mm&r=g\",\"url\":\"https:\\\/\\\/secure.gravatar.com\\\/avatar\\\/79dcbdb2b6bdd7817cb53be05a85960f828f05e25b12ed0288673f8f13407b90?s=96&d=mm&r=g\",\"contentUrl\":\"https:\\\/\\\/secure.gravatar.com\\\/avatar\\\/79dcbdb2b6bdd7817cb53be05a85960f828f05e25b12ed0288673f8f13407b90?s=96&d=mm&r=g\",\"caption\":\"admin\"},\"description\":\"Roseana Murray \u00e9 poeta e escritora, tecendo palavras que transformam o cotidiano em delicadeza, afeto e imagina\u00e7\u00e3o.\",\"sameAs\":[\"https:\\\/\\\/roseanamurray.com\\\/site\",\"https:\\\/\\\/www.facebook.com\\\/roseana.murray\\\/\",\"https:\\\/\\\/www.instagram.com\\\/roseanamurray\",\"https:\\\/\\\/www.youtube.com\\\/channel\\\/UC3CYVIbf6pyVaM1OM5n-thQ\"],\"url\":\"https:\\\/\\\/roseanamurray.com\\\/site\\\/author\\\/admin\\\/\"}]}<\/script>\n<!-- \/ Yoast SEO plugin. -->","yoast_head_json":{"title":"Col\u00e9gio Estadual Professor Francisco de Paula Achiles - Roseana Murray","robots":{"index":"index","follow":"follow","max-snippet":"max-snippet:-1","max-image-preview":"max-image-preview:large","max-video-preview":"max-video-preview:-1"},"canonical":"https:\/\/roseanamurray.com\/site\/2023\/12\/01\/colegio-estadual-professor-francisco-de-paula-achiles\/","og_locale":"pt_BR","og_type":"article","og_title":"Col\u00e9gio Estadual Professor Francisco de Paula Achiles - Roseana Murray","og_description":"A \u00faltima Escola deste ano que veio ao Caf\u00e9, P\u00e3o e Texto, chegou de S.Gon\u00e7alo. O Col\u00e9gio Estadual Professor Francisco de Paula Achiles. Os alunos eram do 8\u00b0 ano e as Professoras super amorosas: Kesia, Nelma, Priscila e Sula. Veio na caravana a funcion\u00e1ria de limpeza Rose, que trabalha na Escola desde 1988. \u00c9 uma Escola bem antiga, dentro de uma Comunidade. Chegaram e foram todos direto para o jardim, estavam soltos, felizes, \u00e0 vontade. A mesa do caf\u00e9 era farta e deixei que se servissem sozinhos. Havia um clima ameno, de profunda amizade entre eles. Apresentei alguns livros novos e abri um grande espa\u00e7o de fala para eles. Reivindicaram mais espa\u00e7o de escuta na Escola, menos falta de professores. E demonstraram uma imensa sensibilidade quando apresentei meu livro Perfumes e falaram dos cheiros que amam. Um menino disse que amava o cheiro do mel. E realmente o afeto corria entre eles como um rio de mel. Os que estavam deitados no tapete se aconchegavam uns nos outros. Uma menina disse que sentia o cheiro da morte antes de algu\u00e9m morrer,mas n\u00e3o conseguia explicar, o que daria um conto, o que me lembra a Blimunda do Memorial do Convento, que via os \u00f3rg\u00e3os das pessoas por dentro quando comia miolo de p\u00e3o e sabia se iriam morrer. A Escola tem aula de teatro e dan\u00e7a, o que \u00e9 uma maravilha. Fiz uma dramatiza\u00e7\u00e3o com um menino e uma menina com um poema e todos amaram. Para fechar falamos sobre o tema Felicidade, j\u00e1 que meu novo livro, que fiz com William Amorim, \u00e9 todo sobre isso e fiquei surpresa com a beleza do que \u00e9 felicidade para eles. &#8221; um momento&#8221;, &#8220;algo inesperado&#8221;, &#8220;estar na casa dos av\u00f3s&#8221; e a mesma menina que falou do cheiro da morte, disse que tamb\u00e9m conseguia sentir o cheiro de nostalgia quando o momento de felicidade passa. Por fim todos n\u00f3s fizemos um desejo em pensamento e gritamos o nosso nome para o Universo ouvir. E fomos at\u00e9 o mar. Pude dar um livro Jardins autografado para cada um, pois ganhei uma caixa da minha amada Bia Hetzel, que sobrou da Editora Manati. O Caf\u00e9, P\u00e3o e Texto fechou o ano lindamente, trazendo os adolescentes e pr\u00e9 adolescentes, de longe, at\u00e9 a minha casa, para um encontro singular entre a poesia e tantas sensibilidades. Que cada um encontre seus dons e seus caminhos.","og_url":"https:\/\/roseanamurray.com\/site\/2023\/12\/01\/colegio-estadual-professor-francisco-de-paula-achiles\/","og_site_name":"Roseana Murray","article_publisher":"https:\/\/www.facebook.com\/roseana.murray\/","article_author":"https:\/\/www.facebook.com\/roseana.murray\/","article_published_time":"2023-12-01T19:17:37+00:00","article_modified_time":"2023-12-01T19:17:52+00:00","og_image":[{"width":1600,"height":1200,"url":"https:\/\/roseanamurray.com\/site\/wp-content\/uploads\/2023\/12\/WhatsApp-Image-2023-12-01-at-10.01.47.jpeg","type":"image\/jpeg"}],"author":"admin","twitter_card":"summary_large_image","twitter_misc":{"Escrito por":"admin","Est. tempo de leitura":"2 minutos"},"schema":{"@context":"https:\/\/schema.org","@graph":[{"@type":"Article","@id":"https:\/\/roseanamurray.com\/site\/2023\/12\/01\/colegio-estadual-professor-francisco-de-paula-achiles\/#article","isPartOf":{"@id":"https:\/\/roseanamurray.com\/site\/2023\/12\/01\/colegio-estadual-professor-francisco-de-paula-achiles\/"},"author":{"name":"admin","@id":"https:\/\/roseanamurray.com\/site\/#\/schema\/person\/fccdaf45872661cfee27c28c6d545c60"},"headline":"Col\u00e9gio Estadual Professor Francisco de Paula Achiles","datePublished":"2023-12-01T19:17:37+00:00","dateModified":"2023-12-01T19:17:52+00:00","mainEntityOfPage":{"@id":"https:\/\/roseanamurray.com\/site\/2023\/12\/01\/colegio-estadual-professor-francisco-de-paula-achiles\/"},"wordCount":417,"commentCount":0,"publisher":{"@id":"https:\/\/roseanamurray.com\/site\/#organization"},"image":{"@id":"https:\/\/roseanamurray.com\/site\/2023\/12\/01\/colegio-estadual-professor-francisco-de-paula-achiles\/#primaryimage"},"thumbnailUrl":"https:\/\/roseanamurray.com\/site\/wp-content\/uploads\/2023\/12\/WhatsApp-Image-2023-12-01-at-10.01.47.jpeg","articleSection":["Caf\u00e9, P\u00e3o e Texto"],"inLanguage":"pt-BR","potentialAction":[{"@type":"CommentAction","name":"Comment","target":["https:\/\/roseanamurray.com\/site\/2023\/12\/01\/colegio-estadual-professor-francisco-de-paula-achiles\/#respond"]}]},{"@type":"WebPage","@id":"https:\/\/roseanamurray.com\/site\/2023\/12\/01\/colegio-estadual-professor-francisco-de-paula-achiles\/","url":"https:\/\/roseanamurray.com\/site\/2023\/12\/01\/colegio-estadual-professor-francisco-de-paula-achiles\/","name":"Col\u00e9gio Estadual Professor Francisco de Paula Achiles - Roseana Murray","isPartOf":{"@id":"https:\/\/roseanamurray.com\/site\/#website"},"primaryImageOfPage":{"@id":"https:\/\/roseanamurray.com\/site\/2023\/12\/01\/colegio-estadual-professor-francisco-de-paula-achiles\/#primaryimage"},"image":{"@id":"https:\/\/roseanamurray.com\/site\/2023\/12\/01\/colegio-estadual-professor-francisco-de-paula-achiles\/#primaryimage"},"thumbnailUrl":"https:\/\/roseanamurray.com\/site\/wp-content\/uploads\/2023\/12\/WhatsApp-Image-2023-12-01-at-10.01.47.jpeg","datePublished":"2023-12-01T19:17:37+00:00","dateModified":"2023-12-01T19:17:52+00:00","breadcrumb":{"@id":"https:\/\/roseanamurray.com\/site\/2023\/12\/01\/colegio-estadual-professor-francisco-de-paula-achiles\/#breadcrumb"},"inLanguage":"pt-BR","potentialAction":[{"@type":"ReadAction","target":["https:\/\/roseanamurray.com\/site\/2023\/12\/01\/colegio-estadual-professor-francisco-de-paula-achiles\/"]}]},{"@type":"ImageObject","inLanguage":"pt-BR","@id":"https:\/\/roseanamurray.com\/site\/2023\/12\/01\/colegio-estadual-professor-francisco-de-paula-achiles\/#primaryimage","url":"https:\/\/roseanamurray.com\/site\/wp-content\/uploads\/2023\/12\/WhatsApp-Image-2023-12-01-at-10.01.47.jpeg","contentUrl":"https:\/\/roseanamurray.com\/site\/wp-content\/uploads\/2023\/12\/WhatsApp-Image-2023-12-01-at-10.01.47.jpeg","width":1600,"height":1200},{"@type":"BreadcrumbList","@id":"https:\/\/roseanamurray.com\/site\/2023\/12\/01\/colegio-estadual-professor-francisco-de-paula-achiles\/#breadcrumb","itemListElement":[{"@type":"ListItem","position":1,"name":"In\u00edcio","item":"https:\/\/roseanamurray.com\/site\/"},{"@type":"ListItem","position":2,"name":"Col\u00e9gio Estadual Professor Francisco de Paula Achiles"}]},{"@type":"WebSite","@id":"https:\/\/roseanamurray.com\/site\/#website","url":"https:\/\/roseanamurray.com\/site\/","name":"Roseana Murray","description":"Poetisa e escritora de livros infanto-juvenis","publisher":{"@id":"https:\/\/roseanamurray.com\/site\/#organization"},"potentialAction":[{"@type":"SearchAction","target":{"@type":"EntryPoint","urlTemplate":"https:\/\/roseanamurray.com\/site\/?s={search_term_string}"},"query-input":{"@type":"PropertyValueSpecification","valueRequired":true,"valueName":"search_term_string"}}],"inLanguage":"pt-BR"},{"@type":"Organization","@id":"https:\/\/roseanamurray.com\/site\/#organization","name":"Roseana Murray","url":"https:\/\/roseanamurray.com\/site\/","logo":{"@type":"ImageObject","inLanguage":"pt-BR","@id":"https:\/\/roseanamurray.com\/site\/#\/schema\/logo\/image\/","url":"https:\/\/roseanamurray.com\/site\/wp-content\/uploads\/2025\/09\/roseana_murray-10.jpeg","contentUrl":"https:\/\/roseanamurray.com\/site\/wp-content\/uploads\/2025\/09\/roseana_murray-10.jpeg","width":640,"height":427,"caption":"Roseana Murray"},"image":{"@id":"https:\/\/roseanamurray.com\/site\/#\/schema\/logo\/image\/"},"sameAs":["https:\/\/www.facebook.com\/roseana.murray\/","https:\/\/www.instagram.com\/roseanamurray","https:\/\/www.youtube.com\/channel\/UC3CYVIbf6pyVaM1OM5n-thQ"]},{"@type":"Person","@id":"https:\/\/roseanamurray.com\/site\/#\/schema\/person\/fccdaf45872661cfee27c28c6d545c60","name":"admin","image":{"@type":"ImageObject","inLanguage":"pt-BR","@id":"https:\/\/secure.gravatar.com\/avatar\/79dcbdb2b6bdd7817cb53be05a85960f828f05e25b12ed0288673f8f13407b90?s=96&d=mm&r=g","url":"https:\/\/secure.gravatar.com\/avatar\/79dcbdb2b6bdd7817cb53be05a85960f828f05e25b12ed0288673f8f13407b90?s=96&d=mm&r=g","contentUrl":"https:\/\/secure.gravatar.com\/avatar\/79dcbdb2b6bdd7817cb53be05a85960f828f05e25b12ed0288673f8f13407b90?s=96&d=mm&r=g","caption":"admin"},"description":"Roseana Murray \u00e9 poeta e escritora, tecendo palavras que transformam o cotidiano em delicadeza, afeto e imagina\u00e7\u00e3o.","sameAs":["https:\/\/roseanamurray.com\/site","https:\/\/www.facebook.com\/roseana.murray\/","https:\/\/www.instagram.com\/roseanamurray","https:\/\/www.youtube.com\/channel\/UC3CYVIbf6pyVaM1OM5n-thQ"],"url":"https:\/\/roseanamurray.com\/site\/author\/admin\/"}]}},"_links":{"self":[{"href":"https:\/\/roseanamurray.com\/site\/wp-json\/wp\/v2\/posts\/3079","targetHints":{"allow":["GET"]}}],"collection":[{"href":"https:\/\/roseanamurray.com\/site\/wp-json\/wp\/v2\/posts"}],"about":[{"href":"https:\/\/roseanamurray.com\/site\/wp-json\/wp\/v2\/types\/post"}],"author":[{"embeddable":true,"href":"https:\/\/roseanamurray.com\/site\/wp-json\/wp\/v2\/users\/1"}],"replies":[{"embeddable":true,"href":"https:\/\/roseanamurray.com\/site\/wp-json\/wp\/v2\/comments?post=3079"}],"version-history":[{"count":2,"href":"https:\/\/roseanamurray.com\/site\/wp-json\/wp\/v2\/posts\/3079\/revisions"}],"predecessor-version":[{"id":3083,"href":"https:\/\/roseanamurray.com\/site\/wp-json\/wp\/v2\/posts\/3079\/revisions\/3083"}],"wp:featuredmedia":[{"embeddable":true,"href":"https:\/\/roseanamurray.com\/site\/wp-json\/wp\/v2\/media\/3080"}],"wp:attachment":[{"href":"https:\/\/roseanamurray.com\/site\/wp-json\/wp\/v2\/media?parent=3079"}],"wp:term":[{"taxonomy":"category","embeddable":true,"href":"https:\/\/roseanamurray.com\/site\/wp-json\/wp\/v2\/categories?post=3079"},{"taxonomy":"post_tag","embeddable":true,"href":"https:\/\/roseanamurray.com\/site\/wp-json\/wp\/v2\/tags?post=3079"}],"curies":[{"name":"wp","href":"https:\/\/api.w.org\/{rel}","templated":true}]}}