{"id":2480,"date":"2016-03-10T09:27:34","date_gmt":"2016-03-10T12:27:34","guid":{"rendered":"http:\/\/roseanamurray.com\/site\/?p=41"},"modified":"2016-03-10T09:27:34","modified_gmt":"2016-03-10T12:27:34","slug":"adolescentes-no-cafe-pao-e-texto","status":"publish","type":"post","link":"https:\/\/roseanamurray.com\/site\/2016\/03\/10\/adolescentes-no-cafe-pao-e-texto\/","title":{"rendered":"Adolescentes no Caf\u00e9, P\u00e3o e Texto"},"content":{"rendered":"<p>Como professora de L\u00edngua Portuguesa, venho percebendo a cada ano um desinteresse crescente por parte dos alunos pela leitura de modo geral \u2013 at\u00e9 porque \u00e9 dif\u00edcil competir com a tecnologia e seu imediatismo.<\/p>\n<p>H\u00e1 alguns anos venho acompanhando o maravilhoso e incans\u00e1vel trabalho da poeta Roseana Murray, aqui na minha cidade de Saquarema , na tentativa de formar novos leitores. O seu trabalho consiste em reunir grupos de jovens alunos e mostrar que a literatura tamb\u00e9m pode fazer parte de suas vidas. Nesses grupos os participantes s\u00e3o convidados atrav\u00e9s do projeto \u201cCaf\u00e9, p\u00e3o e texto\u201d, criado e mantido pela pr\u00f3pria a fazerem leituras de contos e poemas, de forma l\u00fadica, onde s\u00e3o levados a refletir n\u00e3o somente os textos lidos, como a pr\u00f3pria vida.<\/p>\n<p>\u00c9 poss\u00edvel que, no imagin\u00e1rio dos jovens, poetas sejam algo inalcan\u00e7\u00e1vel, s\u00f3 de livros e de papel, logo, no momento em que eles se deparam com uma poeta de carne e osso e acess\u00edvel, s\u00e3o levados a reconsiderar suas ideias preconcebidas. Como exemplo disso, relato o que ocorreu quando levei um grupo de alunos adolescentes a participar desse projeto. Esse encontro foi uma forma de amplia\u00e7\u00e3o de horizontes, com surgimento de in\u00fameras novas possibilidades das quais eles nunca haviam pensado. O reflexo desse encontro se fez presente ao longo de todo o ano letivo e espero que de suas vidas. A partir da\u00ed tudo se tornou mais f\u00e1cil na hora da leitura e reflex\u00f5es de textos em sala de aula, j\u00e1 n\u00e3o era algo t\u00e3o chato e cansativo, como eles alegavam anteriormente, mas como algo novo a ser descortinado. Desse grupo surgiu, inclusive, motiva\u00e7\u00f5es para escreverem seus pr\u00f3prios textos e por vontade pr\u00f3pria.<\/p>\n<p>Por tudo que observei com meus alunos, posso afirmar que \u00e9 um trabalho essencial e que traz resultados concretos em nossa sociedade .<\/p>\n<p>Adelaide Vidal Coutinho<br \/>\nE. E. Oliveira Viana<\/p>\n","protected":false},"excerpt":{"rendered":"<p>Como professora de L\u00edngua Portuguesa, venho percebendo a cada ano um desinteresse crescente por parte dos alunos pela leitura de modo geral \u2013 at\u00e9 porque \u00e9 dif\u00edcil competir com a tecnologia e seu imediatismo. H\u00e1 alguns anos venho acompanhando o maravilhoso e incans\u00e1vel trabalho da poeta Roseana Murray, aqui na minha cidade de Saquarema , na tentativa de formar novos leitores. O seu trabalho consiste em reunir grupos de jovens alunos e mostrar que a literatura tamb\u00e9m pode fazer parte de suas vidas. Nesses grupos os participantes s\u00e3o convidados atrav\u00e9s do projeto \u201cCaf\u00e9, p\u00e3o e texto\u201d, criado e mantido pela pr\u00f3pria a fazerem leituras de contos e poemas, de forma l\u00fadica, onde s\u00e3o levados a refletir n\u00e3o somente os textos lidos, como a pr\u00f3pria vida. \u00c9 poss\u00edvel que, no imagin\u00e1rio dos jovens, poetas sejam algo inalcan\u00e7\u00e1vel, s\u00f3 de livros e de papel, logo, no momento em que eles se deparam com uma poeta de carne e osso e acess\u00edvel, s\u00e3o levados a reconsiderar suas ideias preconcebidas. Como exemplo disso, relato o que ocorreu quando levei um grupo de alunos adolescentes a participar desse projeto. Esse encontro foi uma forma de amplia\u00e7\u00e3o de horizontes, com surgimento de in\u00fameras novas possibilidades das quais eles nunca haviam pensado. O reflexo desse encontro se fez presente ao longo de todo o ano letivo e espero que de suas vidas. A partir da\u00ed tudo se tornou mais f\u00e1cil na hora da leitura e reflex\u00f5es de textos em sala de aula, j\u00e1 n\u00e3o era algo t\u00e3o chato e cansativo, como eles alegavam anteriormente, mas como algo novo a ser descortinado. Desse grupo surgiu, inclusive, motiva\u00e7\u00f5es para escreverem seus pr\u00f3prios textos e por vontade pr\u00f3pria. Por tudo que observei com meus alunos, posso afirmar que \u00e9 um trabalho essencial e que traz resultados concretos em nossa sociedade . Adelaide Vidal Coutinho E. E. Oliveira Viana<\/p>\n","protected":false},"author":1,"featured_media":139,"comment_status":"open","ping_status":"open","sticky":false,"template":"","format":"standard","meta":{"footnotes":"","_links_to":"","_links_to_target":""},"categories":[14],"tags":[],"class_list":["post-2480","post","type-post","status-publish","format-standard","has-post-thumbnail","hentry","category-cafe-pao-e-texto"],"yoast_head":"<!-- This site is optimized with the Yoast SEO plugin v28.3 - https:\/\/yoast.com\/product\/yoast-seo-wordpress\/ -->\n<title>Adolescentes no Caf\u00e9, P\u00e3o e Texto - Roseana Murray<\/title>\n<meta name=\"robots\" content=\"index, follow, max-snippet:-1, max-image-preview:large, max-video-preview:-1\" \/>\n<link rel=\"canonical\" href=\"https:\/\/roseanamurray.com\/site\/2016\/03\/10\/adolescentes-no-cafe-pao-e-texto\/\" \/>\n<meta property=\"og:locale\" content=\"pt_BR\" \/>\n<meta property=\"og:type\" content=\"article\" \/>\n<meta property=\"og:title\" content=\"Adolescentes no Caf\u00e9, P\u00e3o e Texto - Roseana Murray\" \/>\n<meta property=\"og:description\" content=\"Como professora de L\u00edngua Portuguesa, venho percebendo a cada ano um desinteresse crescente por parte dos alunos pela leitura de modo geral \u2013 at\u00e9 porque \u00e9 dif\u00edcil competir com a tecnologia e seu imediatismo. H\u00e1 alguns anos venho acompanhando o maravilhoso e incans\u00e1vel trabalho da poeta Roseana Murray, aqui na minha cidade de Saquarema , na tentativa de formar novos leitores. O seu trabalho consiste em reunir grupos de jovens alunos e mostrar que a literatura tamb\u00e9m pode fazer parte de suas vidas. Nesses grupos os participantes s\u00e3o convidados atrav\u00e9s do projeto \u201cCaf\u00e9, p\u00e3o e texto\u201d, criado e mantido pela pr\u00f3pria a fazerem leituras de contos e poemas, de forma l\u00fadica, onde s\u00e3o levados a refletir n\u00e3o somente os textos lidos, como a pr\u00f3pria vida. \u00c9 poss\u00edvel que, no imagin\u00e1rio dos jovens, poetas sejam algo inalcan\u00e7\u00e1vel, s\u00f3 de livros e de papel, logo, no momento em que eles se deparam com uma poeta de carne e osso e acess\u00edvel, s\u00e3o levados a reconsiderar suas ideias preconcebidas. Como exemplo disso, relato o que ocorreu quando levei um grupo de alunos adolescentes a participar desse projeto. Esse encontro foi uma forma de amplia\u00e7\u00e3o de horizontes, com surgimento de in\u00fameras novas possibilidades das quais eles nunca haviam pensado. O reflexo desse encontro se fez presente ao longo de todo o ano letivo e espero que de suas vidas. A partir da\u00ed tudo se tornou mais f\u00e1cil na hora da leitura e reflex\u00f5es de textos em sala de aula, j\u00e1 n\u00e3o era algo t\u00e3o chato e cansativo, como eles alegavam anteriormente, mas como algo novo a ser descortinado. Desse grupo surgiu, inclusive, motiva\u00e7\u00f5es para escreverem seus pr\u00f3prios textos e por vontade pr\u00f3pria. Por tudo que observei com meus alunos, posso afirmar que \u00e9 um trabalho essencial e que traz resultados concretos em nossa sociedade . Adelaide Vidal Coutinho E. E. Oliveira Viana\" \/>\n<meta property=\"og:url\" content=\"https:\/\/roseanamurray.com\/site\/2016\/03\/10\/adolescentes-no-cafe-pao-e-texto\/\" \/>\n<meta property=\"og:site_name\" content=\"Roseana Murray\" \/>\n<meta property=\"article:publisher\" content=\"https:\/\/www.facebook.com\/roseana.murray\/\" \/>\n<meta property=\"article:author\" content=\"https:\/\/www.facebook.com\/roseana.murray\/\" \/>\n<meta property=\"article:published_time\" content=\"2016-03-10T12:27:34+00:00\" \/>\n<meta name=\"author\" content=\"admin\" \/>\n<meta name=\"twitter:card\" content=\"summary_large_image\" \/>\n<meta name=\"twitter:label1\" content=\"Escrito por\" \/>\n\t<meta name=\"twitter:data1\" content=\"admin\" \/>\n\t<meta name=\"twitter:label2\" content=\"Est. tempo de leitura\" \/>\n\t<meta name=\"twitter:data2\" content=\"2 minutos\" \/>\n<script type=\"application\/ld+json\" class=\"yoast-schema-graph\">{\"@context\":\"https:\\\/\\\/schema.org\",\"@graph\":[{\"@type\":\"Article\",\"@id\":\"https:\\\/\\\/roseanamurray.com\\\/site\\\/2016\\\/03\\\/10\\\/adolescentes-no-cafe-pao-e-texto\\\/#article\",\"isPartOf\":{\"@id\":\"https:\\\/\\\/roseanamurray.com\\\/site\\\/2016\\\/03\\\/10\\\/adolescentes-no-cafe-pao-e-texto\\\/\"},\"author\":{\"name\":\"admin\",\"@id\":\"https:\\\/\\\/roseanamurray.com\\\/site\\\/#\\\/schema\\\/person\\\/fccdaf45872661cfee27c28c6d545c60\"},\"headline\":\"Adolescentes no Caf\u00e9, P\u00e3o e Texto\",\"datePublished\":\"2016-03-10T12:27:34+00:00\",\"mainEntityOfPage\":{\"@id\":\"https:\\\/\\\/roseanamurray.com\\\/site\\\/2016\\\/03\\\/10\\\/adolescentes-no-cafe-pao-e-texto\\\/\"},\"wordCount\":335,\"commentCount\":0,\"publisher\":{\"@id\":\"https:\\\/\\\/roseanamurray.com\\\/site\\\/#organization\"},\"image\":{\"@id\":\"https:\\\/\\\/roseanamurray.com\\\/site\\\/2016\\\/03\\\/10\\\/adolescentes-no-cafe-pao-e-texto\\\/#primaryimage\"},\"thumbnailUrl\":\"\",\"articleSection\":[\"Caf\u00e9, P\u00e3o e Texto\"],\"inLanguage\":\"pt-BR\",\"potentialAction\":[{\"@type\":\"CommentAction\",\"name\":\"Comment\",\"target\":[\"https:\\\/\\\/roseanamurray.com\\\/site\\\/2016\\\/03\\\/10\\\/adolescentes-no-cafe-pao-e-texto\\\/#respond\"]}]},{\"@type\":\"WebPage\",\"@id\":\"https:\\\/\\\/roseanamurray.com\\\/site\\\/2016\\\/03\\\/10\\\/adolescentes-no-cafe-pao-e-texto\\\/\",\"url\":\"https:\\\/\\\/roseanamurray.com\\\/site\\\/2016\\\/03\\\/10\\\/adolescentes-no-cafe-pao-e-texto\\\/\",\"name\":\"Adolescentes no Caf\u00e9, P\u00e3o e Texto - Roseana Murray\",\"isPartOf\":{\"@id\":\"https:\\\/\\\/roseanamurray.com\\\/site\\\/#website\"},\"primaryImageOfPage\":{\"@id\":\"https:\\\/\\\/roseanamurray.com\\\/site\\\/2016\\\/03\\\/10\\\/adolescentes-no-cafe-pao-e-texto\\\/#primaryimage\"},\"image\":{\"@id\":\"https:\\\/\\\/roseanamurray.com\\\/site\\\/2016\\\/03\\\/10\\\/adolescentes-no-cafe-pao-e-texto\\\/#primaryimage\"},\"thumbnailUrl\":\"\",\"datePublished\":\"2016-03-10T12:27:34+00:00\",\"breadcrumb\":{\"@id\":\"https:\\\/\\\/roseanamurray.com\\\/site\\\/2016\\\/03\\\/10\\\/adolescentes-no-cafe-pao-e-texto\\\/#breadcrumb\"},\"inLanguage\":\"pt-BR\",\"potentialAction\":[{\"@type\":\"ReadAction\",\"target\":[\"https:\\\/\\\/roseanamurray.com\\\/site\\\/2016\\\/03\\\/10\\\/adolescentes-no-cafe-pao-e-texto\\\/\"]}]},{\"@type\":\"ImageObject\",\"inLanguage\":\"pt-BR\",\"@id\":\"https:\\\/\\\/roseanamurray.com\\\/site\\\/2016\\\/03\\\/10\\\/adolescentes-no-cafe-pao-e-texto\\\/#primaryimage\",\"url\":\"\",\"contentUrl\":\"\"},{\"@type\":\"BreadcrumbList\",\"@id\":\"https:\\\/\\\/roseanamurray.com\\\/site\\\/2016\\\/03\\\/10\\\/adolescentes-no-cafe-pao-e-texto\\\/#breadcrumb\",\"itemListElement\":[{\"@type\":\"ListItem\",\"position\":1,\"name\":\"In\u00edcio\",\"item\":\"https:\\\/\\\/roseanamurray.com\\\/site\\\/\"},{\"@type\":\"ListItem\",\"position\":2,\"name\":\"Adolescentes no Caf\u00e9, P\u00e3o e Texto\"}]},{\"@type\":\"WebSite\",\"@id\":\"https:\\\/\\\/roseanamurray.com\\\/site\\\/#website\",\"url\":\"https:\\\/\\\/roseanamurray.com\\\/site\\\/\",\"name\":\"Roseana Murray\",\"description\":\"Poetisa e escritora de livros infanto-juvenis\",\"publisher\":{\"@id\":\"https:\\\/\\\/roseanamurray.com\\\/site\\\/#organization\"},\"potentialAction\":[{\"@type\":\"SearchAction\",\"target\":{\"@type\":\"EntryPoint\",\"urlTemplate\":\"https:\\\/\\\/roseanamurray.com\\\/site\\\/?s={search_term_string}\"},\"query-input\":{\"@type\":\"PropertyValueSpecification\",\"valueRequired\":true,\"valueName\":\"search_term_string\"}}],\"inLanguage\":\"pt-BR\"},{\"@type\":\"Organization\",\"@id\":\"https:\\\/\\\/roseanamurray.com\\\/site\\\/#organization\",\"name\":\"Roseana Murray\",\"url\":\"https:\\\/\\\/roseanamurray.com\\\/site\\\/\",\"logo\":{\"@type\":\"ImageObject\",\"inLanguage\":\"pt-BR\",\"@id\":\"https:\\\/\\\/roseanamurray.com\\\/site\\\/#\\\/schema\\\/logo\\\/image\\\/\",\"url\":\"https:\\\/\\\/roseanamurray.com\\\/site\\\/wp-content\\\/uploads\\\/2025\\\/09\\\/roseana_murray-10.jpeg\",\"contentUrl\":\"https:\\\/\\\/roseanamurray.com\\\/site\\\/wp-content\\\/uploads\\\/2025\\\/09\\\/roseana_murray-10.jpeg\",\"width\":640,\"height\":427,\"caption\":\"Roseana Murray\"},\"image\":{\"@id\":\"https:\\\/\\\/roseanamurray.com\\\/site\\\/#\\\/schema\\\/logo\\\/image\\\/\"},\"sameAs\":[\"https:\\\/\\\/www.facebook.com\\\/roseana.murray\\\/\",\"https:\\\/\\\/www.instagram.com\\\/roseanamurray\",\"https:\\\/\\\/www.youtube.com\\\/channel\\\/UC3CYVIbf6pyVaM1OM5n-thQ\"]},{\"@type\":\"Person\",\"@id\":\"https:\\\/\\\/roseanamurray.com\\\/site\\\/#\\\/schema\\\/person\\\/fccdaf45872661cfee27c28c6d545c60\",\"name\":\"admin\",\"image\":{\"@type\":\"ImageObject\",\"inLanguage\":\"pt-BR\",\"@id\":\"https:\\\/\\\/secure.gravatar.com\\\/avatar\\\/79dcbdb2b6bdd7817cb53be05a85960f828f05e25b12ed0288673f8f13407b90?s=96&d=mm&r=g\",\"url\":\"https:\\\/\\\/secure.gravatar.com\\\/avatar\\\/79dcbdb2b6bdd7817cb53be05a85960f828f05e25b12ed0288673f8f13407b90?s=96&d=mm&r=g\",\"contentUrl\":\"https:\\\/\\\/secure.gravatar.com\\\/avatar\\\/79dcbdb2b6bdd7817cb53be05a85960f828f05e25b12ed0288673f8f13407b90?s=96&d=mm&r=g\",\"caption\":\"admin\"},\"description\":\"Roseana Murray \u00e9 poeta e escritora, tecendo palavras que transformam o cotidiano em delicadeza, afeto e imagina\u00e7\u00e3o.\",\"sameAs\":[\"https:\\\/\\\/roseanamurray.com\\\/site\",\"https:\\\/\\\/www.facebook.com\\\/roseana.murray\\\/\",\"https:\\\/\\\/www.instagram.com\\\/roseanamurray\",\"https:\\\/\\\/www.youtube.com\\\/channel\\\/UC3CYVIbf6pyVaM1OM5n-thQ\"],\"url\":\"https:\\\/\\\/roseanamurray.com\\\/site\\\/author\\\/admin\\\/\"}]}<\/script>\n<!-- \/ Yoast SEO plugin. -->","yoast_head_json":{"title":"Adolescentes no Caf\u00e9, P\u00e3o e Texto - Roseana Murray","robots":{"index":"index","follow":"follow","max-snippet":"max-snippet:-1","max-image-preview":"max-image-preview:large","max-video-preview":"max-video-preview:-1"},"canonical":"https:\/\/roseanamurray.com\/site\/2016\/03\/10\/adolescentes-no-cafe-pao-e-texto\/","og_locale":"pt_BR","og_type":"article","og_title":"Adolescentes no Caf\u00e9, P\u00e3o e Texto - Roseana Murray","og_description":"Como professora de L\u00edngua Portuguesa, venho percebendo a cada ano um desinteresse crescente por parte dos alunos pela leitura de modo geral \u2013 at\u00e9 porque \u00e9 dif\u00edcil competir com a tecnologia e seu imediatismo. H\u00e1 alguns anos venho acompanhando o maravilhoso e incans\u00e1vel trabalho da poeta Roseana Murray, aqui na minha cidade de Saquarema , na tentativa de formar novos leitores. O seu trabalho consiste em reunir grupos de jovens alunos e mostrar que a literatura tamb\u00e9m pode fazer parte de suas vidas. Nesses grupos os participantes s\u00e3o convidados atrav\u00e9s do projeto \u201cCaf\u00e9, p\u00e3o e texto\u201d, criado e mantido pela pr\u00f3pria a fazerem leituras de contos e poemas, de forma l\u00fadica, onde s\u00e3o levados a refletir n\u00e3o somente os textos lidos, como a pr\u00f3pria vida. \u00c9 poss\u00edvel que, no imagin\u00e1rio dos jovens, poetas sejam algo inalcan\u00e7\u00e1vel, s\u00f3 de livros e de papel, logo, no momento em que eles se deparam com uma poeta de carne e osso e acess\u00edvel, s\u00e3o levados a reconsiderar suas ideias preconcebidas. Como exemplo disso, relato o que ocorreu quando levei um grupo de alunos adolescentes a participar desse projeto. Esse encontro foi uma forma de amplia\u00e7\u00e3o de horizontes, com surgimento de in\u00fameras novas possibilidades das quais eles nunca haviam pensado. O reflexo desse encontro se fez presente ao longo de todo o ano letivo e espero que de suas vidas. A partir da\u00ed tudo se tornou mais f\u00e1cil na hora da leitura e reflex\u00f5es de textos em sala de aula, j\u00e1 n\u00e3o era algo t\u00e3o chato e cansativo, como eles alegavam anteriormente, mas como algo novo a ser descortinado. Desse grupo surgiu, inclusive, motiva\u00e7\u00f5es para escreverem seus pr\u00f3prios textos e por vontade pr\u00f3pria. Por tudo que observei com meus alunos, posso afirmar que \u00e9 um trabalho essencial e que traz resultados concretos em nossa sociedade . Adelaide Vidal Coutinho E. E. Oliveira Viana","og_url":"https:\/\/roseanamurray.com\/site\/2016\/03\/10\/adolescentes-no-cafe-pao-e-texto\/","og_site_name":"Roseana Murray","article_publisher":"https:\/\/www.facebook.com\/roseana.murray\/","article_author":"https:\/\/www.facebook.com\/roseana.murray\/","article_published_time":"2016-03-10T12:27:34+00:00","author":"admin","twitter_card":"summary_large_image","twitter_misc":{"Escrito por":"admin","Est. tempo de leitura":"2 minutos"},"schema":{"@context":"https:\/\/schema.org","@graph":[{"@type":"Article","@id":"https:\/\/roseanamurray.com\/site\/2016\/03\/10\/adolescentes-no-cafe-pao-e-texto\/#article","isPartOf":{"@id":"https:\/\/roseanamurray.com\/site\/2016\/03\/10\/adolescentes-no-cafe-pao-e-texto\/"},"author":{"name":"admin","@id":"https:\/\/roseanamurray.com\/site\/#\/schema\/person\/fccdaf45872661cfee27c28c6d545c60"},"headline":"Adolescentes no Caf\u00e9, P\u00e3o e Texto","datePublished":"2016-03-10T12:27:34+00:00","mainEntityOfPage":{"@id":"https:\/\/roseanamurray.com\/site\/2016\/03\/10\/adolescentes-no-cafe-pao-e-texto\/"},"wordCount":335,"commentCount":0,"publisher":{"@id":"https:\/\/roseanamurray.com\/site\/#organization"},"image":{"@id":"https:\/\/roseanamurray.com\/site\/2016\/03\/10\/adolescentes-no-cafe-pao-e-texto\/#primaryimage"},"thumbnailUrl":"","articleSection":["Caf\u00e9, P\u00e3o e Texto"],"inLanguage":"pt-BR","potentialAction":[{"@type":"CommentAction","name":"Comment","target":["https:\/\/roseanamurray.com\/site\/2016\/03\/10\/adolescentes-no-cafe-pao-e-texto\/#respond"]}]},{"@type":"WebPage","@id":"https:\/\/roseanamurray.com\/site\/2016\/03\/10\/adolescentes-no-cafe-pao-e-texto\/","url":"https:\/\/roseanamurray.com\/site\/2016\/03\/10\/adolescentes-no-cafe-pao-e-texto\/","name":"Adolescentes no Caf\u00e9, P\u00e3o e Texto - Roseana Murray","isPartOf":{"@id":"https:\/\/roseanamurray.com\/site\/#website"},"primaryImageOfPage":{"@id":"https:\/\/roseanamurray.com\/site\/2016\/03\/10\/adolescentes-no-cafe-pao-e-texto\/#primaryimage"},"image":{"@id":"https:\/\/roseanamurray.com\/site\/2016\/03\/10\/adolescentes-no-cafe-pao-e-texto\/#primaryimage"},"thumbnailUrl":"","datePublished":"2016-03-10T12:27:34+00:00","breadcrumb":{"@id":"https:\/\/roseanamurray.com\/site\/2016\/03\/10\/adolescentes-no-cafe-pao-e-texto\/#breadcrumb"},"inLanguage":"pt-BR","potentialAction":[{"@type":"ReadAction","target":["https:\/\/roseanamurray.com\/site\/2016\/03\/10\/adolescentes-no-cafe-pao-e-texto\/"]}]},{"@type":"ImageObject","inLanguage":"pt-BR","@id":"https:\/\/roseanamurray.com\/site\/2016\/03\/10\/adolescentes-no-cafe-pao-e-texto\/#primaryimage","url":"","contentUrl":""},{"@type":"BreadcrumbList","@id":"https:\/\/roseanamurray.com\/site\/2016\/03\/10\/adolescentes-no-cafe-pao-e-texto\/#breadcrumb","itemListElement":[{"@type":"ListItem","position":1,"name":"In\u00edcio","item":"https:\/\/roseanamurray.com\/site\/"},{"@type":"ListItem","position":2,"name":"Adolescentes no Caf\u00e9, P\u00e3o e Texto"}]},{"@type":"WebSite","@id":"https:\/\/roseanamurray.com\/site\/#website","url":"https:\/\/roseanamurray.com\/site\/","name":"Roseana Murray","description":"Poetisa e escritora de livros infanto-juvenis","publisher":{"@id":"https:\/\/roseanamurray.com\/site\/#organization"},"potentialAction":[{"@type":"SearchAction","target":{"@type":"EntryPoint","urlTemplate":"https:\/\/roseanamurray.com\/site\/?s={search_term_string}"},"query-input":{"@type":"PropertyValueSpecification","valueRequired":true,"valueName":"search_term_string"}}],"inLanguage":"pt-BR"},{"@type":"Organization","@id":"https:\/\/roseanamurray.com\/site\/#organization","name":"Roseana Murray","url":"https:\/\/roseanamurray.com\/site\/","logo":{"@type":"ImageObject","inLanguage":"pt-BR","@id":"https:\/\/roseanamurray.com\/site\/#\/schema\/logo\/image\/","url":"https:\/\/roseanamurray.com\/site\/wp-content\/uploads\/2025\/09\/roseana_murray-10.jpeg","contentUrl":"https:\/\/roseanamurray.com\/site\/wp-content\/uploads\/2025\/09\/roseana_murray-10.jpeg","width":640,"height":427,"caption":"Roseana Murray"},"image":{"@id":"https:\/\/roseanamurray.com\/site\/#\/schema\/logo\/image\/"},"sameAs":["https:\/\/www.facebook.com\/roseana.murray\/","https:\/\/www.instagram.com\/roseanamurray","https:\/\/www.youtube.com\/channel\/UC3CYVIbf6pyVaM1OM5n-thQ"]},{"@type":"Person","@id":"https:\/\/roseanamurray.com\/site\/#\/schema\/person\/fccdaf45872661cfee27c28c6d545c60","name":"admin","image":{"@type":"ImageObject","inLanguage":"pt-BR","@id":"https:\/\/secure.gravatar.com\/avatar\/79dcbdb2b6bdd7817cb53be05a85960f828f05e25b12ed0288673f8f13407b90?s=96&d=mm&r=g","url":"https:\/\/secure.gravatar.com\/avatar\/79dcbdb2b6bdd7817cb53be05a85960f828f05e25b12ed0288673f8f13407b90?s=96&d=mm&r=g","contentUrl":"https:\/\/secure.gravatar.com\/avatar\/79dcbdb2b6bdd7817cb53be05a85960f828f05e25b12ed0288673f8f13407b90?s=96&d=mm&r=g","caption":"admin"},"description":"Roseana Murray \u00e9 poeta e escritora, tecendo palavras que transformam o cotidiano em delicadeza, afeto e imagina\u00e7\u00e3o.","sameAs":["https:\/\/roseanamurray.com\/site","https:\/\/www.facebook.com\/roseana.murray\/","https:\/\/www.instagram.com\/roseanamurray","https:\/\/www.youtube.com\/channel\/UC3CYVIbf6pyVaM1OM5n-thQ"],"url":"https:\/\/roseanamurray.com\/site\/author\/admin\/"}]}},"_links":{"self":[{"href":"https:\/\/roseanamurray.com\/site\/wp-json\/wp\/v2\/posts\/2480","targetHints":{"allow":["GET"]}}],"collection":[{"href":"https:\/\/roseanamurray.com\/site\/wp-json\/wp\/v2\/posts"}],"about":[{"href":"https:\/\/roseanamurray.com\/site\/wp-json\/wp\/v2\/types\/post"}],"author":[{"embeddable":true,"href":"https:\/\/roseanamurray.com\/site\/wp-json\/wp\/v2\/users\/1"}],"replies":[{"embeddable":true,"href":"https:\/\/roseanamurray.com\/site\/wp-json\/wp\/v2\/comments?post=2480"}],"version-history":[{"count":0,"href":"https:\/\/roseanamurray.com\/site\/wp-json\/wp\/v2\/posts\/2480\/revisions"}],"wp:attachment":[{"href":"https:\/\/roseanamurray.com\/site\/wp-json\/wp\/v2\/media?parent=2480"}],"wp:term":[{"taxonomy":"category","embeddable":true,"href":"https:\/\/roseanamurray.com\/site\/wp-json\/wp\/v2\/categories?post=2480"},{"taxonomy":"post_tag","embeddable":true,"href":"https:\/\/roseanamurray.com\/site\/wp-json\/wp\/v2\/tags?post=2480"}],"curies":[{"name":"wp","href":"https:\/\/api.w.org\/{rel}","templated":true}]}}