{"id":228,"date":"2016-10-11T16:23:56","date_gmt":"2016-10-11T19:23:56","guid":{"rendered":"http:\/\/roseanamurray.com\/site\/?p=228"},"modified":"2016-10-11T16:23:56","modified_gmt":"2016-10-11T19:23:56","slug":"e-m-genesio-da-costa-cotrim","status":"publish","type":"post","link":"https:\/\/roseanamurray.com\/site\/2016\/10\/11\/e-m-genesio-da-costa-cotrim\/","title":{"rendered":"E.M. Gen\u00e9sio da Costa Cotrim"},"content":{"rendered":"<p><img decoding=\"async\" class=\"alignleft size-full wp-image-232\" src=\"http:\/\/roseanamurray.com\/site\/wp-content\/uploads\/2016\/10\/cafe19.jpg\" alt=\"cafe19\" width=\"100%\" \/>Hoje recebi a E.M. Gen\u00e9sio da Costa Cotrim, de Itabora\u00ed.<br \/>\nEram crian\u00e7as de sete anos, totalmente ador\u00e1veis.<br \/>\nFazia frio e ventava, ent\u00e3o, depois do momento pipi e do caf\u00e9 da manh\u00e3, o jeito foi colocar todo mundo bem apertadinho dentro da sala. Ficou muito aconchegante. Brincamos com a minha poesia, conversamos, misturamos as nossas alegrias.<br \/>\nDepois que nos aplaudimos ( eles adoram aplaudir) e nos abra\u00e7amos muito, levei as crian\u00e7as para o jardim. Eles amaram as \u00e1rvores de cravo e canela.<br \/>\nForam at\u00e9 o mar. V\u00e1rias crian\u00e7as n\u00e3o conheciam o mar.<br \/>\nE depois partiram e ficou a saudade.<\/p>\n","protected":false},"excerpt":{"rendered":"<p>Hoje recebi a E.M. Gen\u00e9sio da Costa Cotrim, de Itabora\u00ed. Eram crian\u00e7as de sete anos, totalmente ador\u00e1veis. Fazia frio e ventava, ent\u00e3o, depois do momento pipi e do caf\u00e9 da manh\u00e3, o jeito foi colocar todo mundo bem apertadinho dentro da sala. Ficou muito aconchegante. Brincamos com a minha poesia, conversamos, misturamos as nossas alegrias. Depois que nos aplaudimos ( eles adoram aplaudir) e nos abra\u00e7amos muito, levei as crian\u00e7as para o jardim. Eles amaram as \u00e1rvores de cravo e canela. Foram at\u00e9 o mar. V\u00e1rias crian\u00e7as n\u00e3o conheciam o mar. E depois partiram e ficou a saudade.<\/p>\n","protected":false},"author":1,"featured_media":243,"comment_status":"open","ping_status":"open","sticky":false,"template":"","format":"standard","meta":{"footnotes":"","_links_to":"","_links_to_target":""},"categories":[14],"tags":[],"class_list":["post-228","post","type-post","status-publish","format-standard","has-post-thumbnail","hentry","category-cafe-pao-e-texto"],"yoast_head":"<!-- This site is optimized with the Yoast SEO plugin v28.3 - https:\/\/yoast.com\/product\/yoast-seo-wordpress\/ -->\n<title>E.M. Gen\u00e9sio da Costa Cotrim - Roseana Murray<\/title>\n<meta name=\"robots\" content=\"index, follow, max-snippet:-1, max-image-preview:large, max-video-preview:-1\" \/>\n<link rel=\"canonical\" href=\"https:\/\/roseanamurray.com\/site\/2016\/10\/11\/e-m-genesio-da-costa-cotrim\/\" \/>\n<meta property=\"og:locale\" content=\"pt_BR\" \/>\n<meta property=\"og:type\" content=\"article\" \/>\n<meta property=\"og:title\" content=\"E.M. Gen\u00e9sio da Costa Cotrim - Roseana Murray\" \/>\n<meta property=\"og:description\" content=\"Hoje recebi a E.M. Gen\u00e9sio da Costa Cotrim, de Itabora\u00ed. Eram crian\u00e7as de sete anos, totalmente ador\u00e1veis. Fazia frio e ventava, ent\u00e3o, depois do momento pipi e do caf\u00e9 da manh\u00e3, o jeito foi colocar todo mundo bem apertadinho dentro da sala. Ficou muito aconchegante. Brincamos com a minha poesia, conversamos, misturamos as nossas alegrias. Depois que nos aplaudimos ( eles adoram aplaudir) e nos abra\u00e7amos muito, levei as crian\u00e7as para o jardim. Eles amaram as \u00e1rvores de cravo e canela. Foram at\u00e9 o mar. V\u00e1rias crian\u00e7as n\u00e3o conheciam o mar. E depois partiram e ficou a saudade.\" \/>\n<meta property=\"og:url\" content=\"https:\/\/roseanamurray.com\/site\/2016\/10\/11\/e-m-genesio-da-costa-cotrim\/\" \/>\n<meta property=\"og:site_name\" content=\"Roseana Murray\" \/>\n<meta property=\"article:publisher\" content=\"https:\/\/www.facebook.com\/roseana.murray\/\" \/>\n<meta property=\"article:author\" content=\"https:\/\/www.facebook.com\/roseana.murray\/\" \/>\n<meta property=\"article:published_time\" content=\"2016-10-11T19:23:56+00:00\" \/>\n<meta name=\"author\" content=\"admin\" \/>\n<meta name=\"twitter:card\" content=\"summary_large_image\" \/>\n<meta name=\"twitter:label1\" content=\"Escrito por\" \/>\n\t<meta name=\"twitter:data1\" content=\"admin\" \/>\n\t<meta name=\"twitter:label2\" content=\"Est. tempo de leitura\" \/>\n\t<meta name=\"twitter:data2\" content=\"1 minuto\" \/>\n<script type=\"application\/ld+json\" class=\"yoast-schema-graph\">{\"@context\":\"https:\\\/\\\/schema.org\",\"@graph\":[{\"@type\":\"Article\",\"@id\":\"https:\\\/\\\/roseanamurray.com\\\/site\\\/2016\\\/10\\\/11\\\/e-m-genesio-da-costa-cotrim\\\/#article\",\"isPartOf\":{\"@id\":\"https:\\\/\\\/roseanamurray.com\\\/site\\\/2016\\\/10\\\/11\\\/e-m-genesio-da-costa-cotrim\\\/\"},\"author\":{\"name\":\"admin\",\"@id\":\"https:\\\/\\\/roseanamurray.com\\\/site\\\/#\\\/schema\\\/person\\\/fccdaf45872661cfee27c28c6d545c60\"},\"headline\":\"E.M. Gen\u00e9sio da Costa Cotrim\",\"datePublished\":\"2016-10-11T19:23:56+00:00\",\"mainEntityOfPage\":{\"@id\":\"https:\\\/\\\/roseanamurray.com\\\/site\\\/2016\\\/10\\\/11\\\/e-m-genesio-da-costa-cotrim\\\/\"},\"wordCount\":114,\"commentCount\":0,\"publisher\":{\"@id\":\"https:\\\/\\\/roseanamurray.com\\\/site\\\/#organization\"},\"image\":{\"@id\":\"https:\\\/\\\/roseanamurray.com\\\/site\\\/2016\\\/10\\\/11\\\/e-m-genesio-da-costa-cotrim\\\/#primaryimage\"},\"thumbnailUrl\":\"\",\"articleSection\":[\"Caf\u00e9, P\u00e3o e Texto\"],\"inLanguage\":\"pt-BR\",\"potentialAction\":[{\"@type\":\"CommentAction\",\"name\":\"Comment\",\"target\":[\"https:\\\/\\\/roseanamurray.com\\\/site\\\/2016\\\/10\\\/11\\\/e-m-genesio-da-costa-cotrim\\\/#respond\"]}]},{\"@type\":\"WebPage\",\"@id\":\"https:\\\/\\\/roseanamurray.com\\\/site\\\/2016\\\/10\\\/11\\\/e-m-genesio-da-costa-cotrim\\\/\",\"url\":\"https:\\\/\\\/roseanamurray.com\\\/site\\\/2016\\\/10\\\/11\\\/e-m-genesio-da-costa-cotrim\\\/\",\"name\":\"E.M. Gen\u00e9sio da Costa Cotrim - Roseana Murray\",\"isPartOf\":{\"@id\":\"https:\\\/\\\/roseanamurray.com\\\/site\\\/#website\"},\"primaryImageOfPage\":{\"@id\":\"https:\\\/\\\/roseanamurray.com\\\/site\\\/2016\\\/10\\\/11\\\/e-m-genesio-da-costa-cotrim\\\/#primaryimage\"},\"image\":{\"@id\":\"https:\\\/\\\/roseanamurray.com\\\/site\\\/2016\\\/10\\\/11\\\/e-m-genesio-da-costa-cotrim\\\/#primaryimage\"},\"thumbnailUrl\":\"\",\"datePublished\":\"2016-10-11T19:23:56+00:00\",\"breadcrumb\":{\"@id\":\"https:\\\/\\\/roseanamurray.com\\\/site\\\/2016\\\/10\\\/11\\\/e-m-genesio-da-costa-cotrim\\\/#breadcrumb\"},\"inLanguage\":\"pt-BR\",\"potentialAction\":[{\"@type\":\"ReadAction\",\"target\":[\"https:\\\/\\\/roseanamurray.com\\\/site\\\/2016\\\/10\\\/11\\\/e-m-genesio-da-costa-cotrim\\\/\"]}]},{\"@type\":\"ImageObject\",\"inLanguage\":\"pt-BR\",\"@id\":\"https:\\\/\\\/roseanamurray.com\\\/site\\\/2016\\\/10\\\/11\\\/e-m-genesio-da-costa-cotrim\\\/#primaryimage\",\"url\":\"\",\"contentUrl\":\"\"},{\"@type\":\"BreadcrumbList\",\"@id\":\"https:\\\/\\\/roseanamurray.com\\\/site\\\/2016\\\/10\\\/11\\\/e-m-genesio-da-costa-cotrim\\\/#breadcrumb\",\"itemListElement\":[{\"@type\":\"ListItem\",\"position\":1,\"name\":\"In\u00edcio\",\"item\":\"https:\\\/\\\/roseanamurray.com\\\/site\\\/\"},{\"@type\":\"ListItem\",\"position\":2,\"name\":\"E.M. Gen\u00e9sio da Costa Cotrim\"}]},{\"@type\":\"WebSite\",\"@id\":\"https:\\\/\\\/roseanamurray.com\\\/site\\\/#website\",\"url\":\"https:\\\/\\\/roseanamurray.com\\\/site\\\/\",\"name\":\"Roseana Murray\",\"description\":\"Poetisa e escritora de livros infanto-juvenis\",\"publisher\":{\"@id\":\"https:\\\/\\\/roseanamurray.com\\\/site\\\/#organization\"},\"potentialAction\":[{\"@type\":\"SearchAction\",\"target\":{\"@type\":\"EntryPoint\",\"urlTemplate\":\"https:\\\/\\\/roseanamurray.com\\\/site\\\/?s={search_term_string}\"},\"query-input\":{\"@type\":\"PropertyValueSpecification\",\"valueRequired\":true,\"valueName\":\"search_term_string\"}}],\"inLanguage\":\"pt-BR\"},{\"@type\":\"Organization\",\"@id\":\"https:\\\/\\\/roseanamurray.com\\\/site\\\/#organization\",\"name\":\"Roseana Murray\",\"url\":\"https:\\\/\\\/roseanamurray.com\\\/site\\\/\",\"logo\":{\"@type\":\"ImageObject\",\"inLanguage\":\"pt-BR\",\"@id\":\"https:\\\/\\\/roseanamurray.com\\\/site\\\/#\\\/schema\\\/logo\\\/image\\\/\",\"url\":\"https:\\\/\\\/roseanamurray.com\\\/site\\\/wp-content\\\/uploads\\\/2025\\\/09\\\/roseana_murray-10.jpeg\",\"contentUrl\":\"https:\\\/\\\/roseanamurray.com\\\/site\\\/wp-content\\\/uploads\\\/2025\\\/09\\\/roseana_murray-10.jpeg\",\"width\":640,\"height\":427,\"caption\":\"Roseana Murray\"},\"image\":{\"@id\":\"https:\\\/\\\/roseanamurray.com\\\/site\\\/#\\\/schema\\\/logo\\\/image\\\/\"},\"sameAs\":[\"https:\\\/\\\/www.facebook.com\\\/roseana.murray\\\/\",\"https:\\\/\\\/www.instagram.com\\\/roseanamurray\",\"https:\\\/\\\/www.youtube.com\\\/channel\\\/UC3CYVIbf6pyVaM1OM5n-thQ\"]},{\"@type\":\"Person\",\"@id\":\"https:\\\/\\\/roseanamurray.com\\\/site\\\/#\\\/schema\\\/person\\\/fccdaf45872661cfee27c28c6d545c60\",\"name\":\"admin\",\"image\":{\"@type\":\"ImageObject\",\"inLanguage\":\"pt-BR\",\"@id\":\"https:\\\/\\\/secure.gravatar.com\\\/avatar\\\/79dcbdb2b6bdd7817cb53be05a85960f828f05e25b12ed0288673f8f13407b90?s=96&d=mm&r=g\",\"url\":\"https:\\\/\\\/secure.gravatar.com\\\/avatar\\\/79dcbdb2b6bdd7817cb53be05a85960f828f05e25b12ed0288673f8f13407b90?s=96&d=mm&r=g\",\"contentUrl\":\"https:\\\/\\\/secure.gravatar.com\\\/avatar\\\/79dcbdb2b6bdd7817cb53be05a85960f828f05e25b12ed0288673f8f13407b90?s=96&d=mm&r=g\",\"caption\":\"admin\"},\"description\":\"Roseana Murray \u00e9 poeta e escritora, tecendo palavras que transformam o cotidiano em delicadeza, afeto e imagina\u00e7\u00e3o.\",\"sameAs\":[\"https:\\\/\\\/roseanamurray.com\\\/site\",\"https:\\\/\\\/www.facebook.com\\\/roseana.murray\\\/\",\"https:\\\/\\\/www.instagram.com\\\/roseanamurray\",\"https:\\\/\\\/www.youtube.com\\\/channel\\\/UC3CYVIbf6pyVaM1OM5n-thQ\"],\"url\":\"https:\\\/\\\/roseanamurray.com\\\/site\\\/author\\\/admin\\\/\"}]}<\/script>\n<!-- \/ Yoast SEO plugin. -->","yoast_head_json":{"title":"E.M. Gen\u00e9sio da Costa Cotrim - Roseana Murray","robots":{"index":"index","follow":"follow","max-snippet":"max-snippet:-1","max-image-preview":"max-image-preview:large","max-video-preview":"max-video-preview:-1"},"canonical":"https:\/\/roseanamurray.com\/site\/2016\/10\/11\/e-m-genesio-da-costa-cotrim\/","og_locale":"pt_BR","og_type":"article","og_title":"E.M. Gen\u00e9sio da Costa Cotrim - Roseana Murray","og_description":"Hoje recebi a E.M. Gen\u00e9sio da Costa Cotrim, de Itabora\u00ed. Eram crian\u00e7as de sete anos, totalmente ador\u00e1veis. Fazia frio e ventava, ent\u00e3o, depois do momento pipi e do caf\u00e9 da manh\u00e3, o jeito foi colocar todo mundo bem apertadinho dentro da sala. Ficou muito aconchegante. Brincamos com a minha poesia, conversamos, misturamos as nossas alegrias. Depois que nos aplaudimos ( eles adoram aplaudir) e nos abra\u00e7amos muito, levei as crian\u00e7as para o jardim. Eles amaram as \u00e1rvores de cravo e canela. Foram at\u00e9 o mar. V\u00e1rias crian\u00e7as n\u00e3o conheciam o mar. E depois partiram e ficou a saudade.","og_url":"https:\/\/roseanamurray.com\/site\/2016\/10\/11\/e-m-genesio-da-costa-cotrim\/","og_site_name":"Roseana Murray","article_publisher":"https:\/\/www.facebook.com\/roseana.murray\/","article_author":"https:\/\/www.facebook.com\/roseana.murray\/","article_published_time":"2016-10-11T19:23:56+00:00","author":"admin","twitter_card":"summary_large_image","twitter_misc":{"Escrito por":"admin","Est. tempo de leitura":"1 minuto"},"schema":{"@context":"https:\/\/schema.org","@graph":[{"@type":"Article","@id":"https:\/\/roseanamurray.com\/site\/2016\/10\/11\/e-m-genesio-da-costa-cotrim\/#article","isPartOf":{"@id":"https:\/\/roseanamurray.com\/site\/2016\/10\/11\/e-m-genesio-da-costa-cotrim\/"},"author":{"name":"admin","@id":"https:\/\/roseanamurray.com\/site\/#\/schema\/person\/fccdaf45872661cfee27c28c6d545c60"},"headline":"E.M. Gen\u00e9sio da Costa Cotrim","datePublished":"2016-10-11T19:23:56+00:00","mainEntityOfPage":{"@id":"https:\/\/roseanamurray.com\/site\/2016\/10\/11\/e-m-genesio-da-costa-cotrim\/"},"wordCount":114,"commentCount":0,"publisher":{"@id":"https:\/\/roseanamurray.com\/site\/#organization"},"image":{"@id":"https:\/\/roseanamurray.com\/site\/2016\/10\/11\/e-m-genesio-da-costa-cotrim\/#primaryimage"},"thumbnailUrl":"","articleSection":["Caf\u00e9, P\u00e3o e Texto"],"inLanguage":"pt-BR","potentialAction":[{"@type":"CommentAction","name":"Comment","target":["https:\/\/roseanamurray.com\/site\/2016\/10\/11\/e-m-genesio-da-costa-cotrim\/#respond"]}]},{"@type":"WebPage","@id":"https:\/\/roseanamurray.com\/site\/2016\/10\/11\/e-m-genesio-da-costa-cotrim\/","url":"https:\/\/roseanamurray.com\/site\/2016\/10\/11\/e-m-genesio-da-costa-cotrim\/","name":"E.M. Gen\u00e9sio da Costa Cotrim - Roseana Murray","isPartOf":{"@id":"https:\/\/roseanamurray.com\/site\/#website"},"primaryImageOfPage":{"@id":"https:\/\/roseanamurray.com\/site\/2016\/10\/11\/e-m-genesio-da-costa-cotrim\/#primaryimage"},"image":{"@id":"https:\/\/roseanamurray.com\/site\/2016\/10\/11\/e-m-genesio-da-costa-cotrim\/#primaryimage"},"thumbnailUrl":"","datePublished":"2016-10-11T19:23:56+00:00","breadcrumb":{"@id":"https:\/\/roseanamurray.com\/site\/2016\/10\/11\/e-m-genesio-da-costa-cotrim\/#breadcrumb"},"inLanguage":"pt-BR","potentialAction":[{"@type":"ReadAction","target":["https:\/\/roseanamurray.com\/site\/2016\/10\/11\/e-m-genesio-da-costa-cotrim\/"]}]},{"@type":"ImageObject","inLanguage":"pt-BR","@id":"https:\/\/roseanamurray.com\/site\/2016\/10\/11\/e-m-genesio-da-costa-cotrim\/#primaryimage","url":"","contentUrl":""},{"@type":"BreadcrumbList","@id":"https:\/\/roseanamurray.com\/site\/2016\/10\/11\/e-m-genesio-da-costa-cotrim\/#breadcrumb","itemListElement":[{"@type":"ListItem","position":1,"name":"In\u00edcio","item":"https:\/\/roseanamurray.com\/site\/"},{"@type":"ListItem","position":2,"name":"E.M. Gen\u00e9sio da Costa Cotrim"}]},{"@type":"WebSite","@id":"https:\/\/roseanamurray.com\/site\/#website","url":"https:\/\/roseanamurray.com\/site\/","name":"Roseana Murray","description":"Poetisa e escritora de livros infanto-juvenis","publisher":{"@id":"https:\/\/roseanamurray.com\/site\/#organization"},"potentialAction":[{"@type":"SearchAction","target":{"@type":"EntryPoint","urlTemplate":"https:\/\/roseanamurray.com\/site\/?s={search_term_string}"},"query-input":{"@type":"PropertyValueSpecification","valueRequired":true,"valueName":"search_term_string"}}],"inLanguage":"pt-BR"},{"@type":"Organization","@id":"https:\/\/roseanamurray.com\/site\/#organization","name":"Roseana Murray","url":"https:\/\/roseanamurray.com\/site\/","logo":{"@type":"ImageObject","inLanguage":"pt-BR","@id":"https:\/\/roseanamurray.com\/site\/#\/schema\/logo\/image\/","url":"https:\/\/roseanamurray.com\/site\/wp-content\/uploads\/2025\/09\/roseana_murray-10.jpeg","contentUrl":"https:\/\/roseanamurray.com\/site\/wp-content\/uploads\/2025\/09\/roseana_murray-10.jpeg","width":640,"height":427,"caption":"Roseana Murray"},"image":{"@id":"https:\/\/roseanamurray.com\/site\/#\/schema\/logo\/image\/"},"sameAs":["https:\/\/www.facebook.com\/roseana.murray\/","https:\/\/www.instagram.com\/roseanamurray","https:\/\/www.youtube.com\/channel\/UC3CYVIbf6pyVaM1OM5n-thQ"]},{"@type":"Person","@id":"https:\/\/roseanamurray.com\/site\/#\/schema\/person\/fccdaf45872661cfee27c28c6d545c60","name":"admin","image":{"@type":"ImageObject","inLanguage":"pt-BR","@id":"https:\/\/secure.gravatar.com\/avatar\/79dcbdb2b6bdd7817cb53be05a85960f828f05e25b12ed0288673f8f13407b90?s=96&d=mm&r=g","url":"https:\/\/secure.gravatar.com\/avatar\/79dcbdb2b6bdd7817cb53be05a85960f828f05e25b12ed0288673f8f13407b90?s=96&d=mm&r=g","contentUrl":"https:\/\/secure.gravatar.com\/avatar\/79dcbdb2b6bdd7817cb53be05a85960f828f05e25b12ed0288673f8f13407b90?s=96&d=mm&r=g","caption":"admin"},"description":"Roseana Murray \u00e9 poeta e escritora, tecendo palavras que transformam o cotidiano em delicadeza, afeto e imagina\u00e7\u00e3o.","sameAs":["https:\/\/roseanamurray.com\/site","https:\/\/www.facebook.com\/roseana.murray\/","https:\/\/www.instagram.com\/roseanamurray","https:\/\/www.youtube.com\/channel\/UC3CYVIbf6pyVaM1OM5n-thQ"],"url":"https:\/\/roseanamurray.com\/site\/author\/admin\/"}]}},"_links":{"self":[{"href":"https:\/\/roseanamurray.com\/site\/wp-json\/wp\/v2\/posts\/228","targetHints":{"allow":["GET"]}}],"collection":[{"href":"https:\/\/roseanamurray.com\/site\/wp-json\/wp\/v2\/posts"}],"about":[{"href":"https:\/\/roseanamurray.com\/site\/wp-json\/wp\/v2\/types\/post"}],"author":[{"embeddable":true,"href":"https:\/\/roseanamurray.com\/site\/wp-json\/wp\/v2\/users\/1"}],"replies":[{"embeddable":true,"href":"https:\/\/roseanamurray.com\/site\/wp-json\/wp\/v2\/comments?post=228"}],"version-history":[{"count":0,"href":"https:\/\/roseanamurray.com\/site\/wp-json\/wp\/v2\/posts\/228\/revisions"}],"wp:attachment":[{"href":"https:\/\/roseanamurray.com\/site\/wp-json\/wp\/v2\/media?parent=228"}],"wp:term":[{"taxonomy":"category","embeddable":true,"href":"https:\/\/roseanamurray.com\/site\/wp-json\/wp\/v2\/categories?post=228"},{"taxonomy":"post_tag","embeddable":true,"href":"https:\/\/roseanamurray.com\/site\/wp-json\/wp\/v2\/tags?post=228"}],"curies":[{"name":"wp","href":"https:\/\/api.w.org\/{rel}","templated":true}]}}