{"id":1941,"date":"2023-06-19T17:47:22","date_gmt":"2023-06-19T20:47:22","guid":{"rendered":"http:\/\/roseanamurray.com\/site\/?p=1941"},"modified":"2023-11-14T17:00:47","modified_gmt":"2023-11-14T17:00:47","slug":"escola-municipal-omar-faria-alfradique","status":"publish","type":"post","link":"https:\/\/roseanamurray.com\/site\/2023\/06\/19\/escola-municipal-omar-faria-alfradique\/","title":{"rendered":"E.M. Omar Faria Alfradique"},"content":{"rendered":"<p><img fetchpriority=\"high\" decoding=\"async\" class=\"alignnone size-large wp-image-1942\" src=\"http:\/\/roseanamurray.com\/site\/wp-content\/uploads\/2023\/06\/WhatsApp-Image-2023-06-16-at-08.25.40-1024x768.jpeg\" alt=\"whatsapp-image-2023-06-16-at-08-25-40\" width=\"696\" height=\"522\" \/><\/p>\n<p>A proprosta do Caf\u00e9, P\u00e3o e Texto \u00e9 dar de presente algumas horas de pura alegria com um caf\u00e9 da manh\u00e3 e poesia.<\/p>\n<p>O dia 15\/06\/23 foi para a Escola Municipal Omar Faria Alfradique, de Silva Jardim.<\/p>\n<p>Eu receberia 30 alunos, mas afinal, para lotar o \u00f4nibus, vieram 39 mais o motorista, mais os professores. Umas 45 pessoas na varanda.<\/p>\n<p>Primeiro deixo que corram pelo jardim, que pulem bastante e respirem todo o verde.<\/p>\n<p>Depois passamos para o caf\u00e9 da manh\u00e3.<\/p>\n<p>E s\u00f3 ent\u00e3o, quando todos j\u00e1 est\u00e3o de barriguinha cheia, sentamos para o texto.<\/p>\n<p>Como havia um professor de ci\u00eancias, o Bruno, comecei pelos poemas do livro A Teia das \u00c1guas, que eu e Bia Hetzel fizemos em parceria.<\/p>\n<p>Havia uma teia de aranha bem grande do lado de fora da chamin\u00e9 do fog\u00e3o de lenha. Ent\u00e3o, a partir dessa teia, li os poemas, interrompendo a leitura para que eles pudessem interagir com alguns versos. Fiz o mesmo com A Casa de Todos os Ninhos , tamb\u00e9m em parceria com a Bia, os dois editados pelo Instituto Coral Vivo. Foi uma festa para cada bicho que aparecia.<\/p>\n<p>O professor me ajudou a explicar algumas coisas e mergulhamos na dor das \u00e1rvores cortadas, dos pl\u00e1sticos nos oceanos&#8230;eles e elas entenderam perfeitamente a teia da vida.<\/p>\n<p>Depois fiz brincadeiras com alguns poemas.<\/p>\n<p>A Professora Vanessa, que eu j\u00e1 conhecia da E.M.Joaquina, me trouxe um presente mais do que lindo, uma caneca com o t\u00edtulo do projeto.<\/p>\n<p>A Professora Luciana, da Sala de Leitura ajudou a servir o caf\u00e9.<\/p>\n<p>O mar estava de ressaca e fomos s\u00f3 at\u00e9 a vegeta\u00e7\u00e3o de restinga para eles &#8220;sentirem&#8221; o mar e para fazermos uma foto. Aprenderam que \u00e9 essa vegeta\u00e7\u00e3o que segura a areia.<\/p>\n<p>Foram muitos abra\u00e7os maravilhosos na nossa despedida.<\/p>\n\n","protected":false},"excerpt":{"rendered":"<p>A proprosta do Caf\u00e9, P\u00e3o e Texto \u00e9 dar de presente algumas horas de pura alegria com um caf\u00e9 da manh\u00e3 e poesia. O dia 15\/06\/23 foi para a Escola Municipal Omar Faria Alfradique, de Silva Jardim. Eu receberia 30 alunos, mas afinal, para lotar o \u00f4nibus, vieram 39 mais o motorista, mais os professores. Umas 45 pessoas na varanda. Primeiro deixo que corram pelo jardim, que pulem bastante e respirem todo o verde. Depois passamos para o caf\u00e9 da manh\u00e3. E s\u00f3 ent\u00e3o, quando todos j\u00e1 est\u00e3o de barriguinha cheia, sentamos para o texto. Como havia um professor de ci\u00eancias, o Bruno, comecei pelos poemas do livro A Teia das \u00c1guas, que eu e Bia Hetzel fizemos em parceria. Havia uma teia de aranha bem grande do lado de fora da chamin\u00e9 do fog\u00e3o de lenha. Ent\u00e3o, a partir dessa teia, li os poemas, interrompendo a leitura para que eles pudessem interagir com alguns versos. Fiz o mesmo com A Casa de Todos os Ninhos , tamb\u00e9m em parceria com a Bia, os dois editados pelo Instituto Coral Vivo. Foi uma festa para cada bicho que aparecia. O professor me ajudou a explicar algumas coisas e mergulhamos na dor das \u00e1rvores cortadas, dos pl\u00e1sticos nos oceanos&#8230;eles e elas entenderam perfeitamente a teia da vida. Depois fiz brincadeiras com alguns poemas. A Professora Vanessa, que eu j\u00e1 conhecia da E.M.Joaquina, me trouxe um presente mais do que lindo, uma caneca com o t\u00edtulo do projeto. A Professora Luciana, da Sala de Leitura ajudou a servir o caf\u00e9. O mar estava de ressaca e fomos s\u00f3 at\u00e9 a vegeta\u00e7\u00e3o de restinga para eles &#8220;sentirem&#8221; o mar e para fazermos uma foto. Aprenderam que \u00e9 essa vegeta\u00e7\u00e3o que segura a areia. Foram muitos abra\u00e7os maravilhosos na nossa despedida.<\/p>\n","protected":false},"author":1,"featured_media":2979,"comment_status":"open","ping_status":"open","sticky":false,"template":"","format":"standard","meta":{"footnotes":"","_links_to":"","_links_to_target":""},"categories":[14],"tags":[],"class_list":["post-1941","post","type-post","status-publish","format-standard","has-post-thumbnail","hentry","category-cafe-pao-e-texto"],"yoast_head":"<!-- This site is optimized with the Yoast SEO plugin v28.3 - https:\/\/yoast.com\/product\/yoast-seo-wordpress\/ -->\n<title>E.M. Omar Faria Alfradique - Roseana Murray<\/title>\n<meta name=\"robots\" content=\"index, follow, max-snippet:-1, max-image-preview:large, max-video-preview:-1\" \/>\n<link rel=\"canonical\" href=\"https:\/\/roseanamurray.com\/site\/2023\/06\/19\/escola-municipal-omar-faria-alfradique\/\" \/>\n<meta property=\"og:locale\" content=\"pt_BR\" \/>\n<meta property=\"og:type\" content=\"article\" \/>\n<meta property=\"og:title\" content=\"E.M. Omar Faria Alfradique - Roseana Murray\" \/>\n<meta property=\"og:description\" content=\"A proprosta do Caf\u00e9, P\u00e3o e Texto \u00e9 dar de presente algumas horas de pura alegria com um caf\u00e9 da manh\u00e3 e poesia. O dia 15\/06\/23 foi para a Escola Municipal Omar Faria Alfradique, de Silva Jardim. Eu receberia 30 alunos, mas afinal, para lotar o \u00f4nibus, vieram 39 mais o motorista, mais os professores. Umas 45 pessoas na varanda. Primeiro deixo que corram pelo jardim, que pulem bastante e respirem todo o verde. Depois passamos para o caf\u00e9 da manh\u00e3. E s\u00f3 ent\u00e3o, quando todos j\u00e1 est\u00e3o de barriguinha cheia, sentamos para o texto. Como havia um professor de ci\u00eancias, o Bruno, comecei pelos poemas do livro A Teia das \u00c1guas, que eu e Bia Hetzel fizemos em parceria. Havia uma teia de aranha bem grande do lado de fora da chamin\u00e9 do fog\u00e3o de lenha. Ent\u00e3o, a partir dessa teia, li os poemas, interrompendo a leitura para que eles pudessem interagir com alguns versos. Fiz o mesmo com A Casa de Todos os Ninhos , tamb\u00e9m em parceria com a Bia, os dois editados pelo Instituto Coral Vivo. Foi uma festa para cada bicho que aparecia. O professor me ajudou a explicar algumas coisas e mergulhamos na dor das \u00e1rvores cortadas, dos pl\u00e1sticos nos oceanos&#8230;eles e elas entenderam perfeitamente a teia da vida. Depois fiz brincadeiras com alguns poemas. A Professora Vanessa, que eu j\u00e1 conhecia da E.M.Joaquina, me trouxe um presente mais do que lindo, uma caneca com o t\u00edtulo do projeto. A Professora Luciana, da Sala de Leitura ajudou a servir o caf\u00e9. O mar estava de ressaca e fomos s\u00f3 at\u00e9 a vegeta\u00e7\u00e3o de restinga para eles &#8220;sentirem&#8221; o mar e para fazermos uma foto. Aprenderam que \u00e9 essa vegeta\u00e7\u00e3o que segura a areia. Foram muitos abra\u00e7os maravilhosos na nossa despedida.\" \/>\n<meta property=\"og:url\" content=\"https:\/\/roseanamurray.com\/site\/2023\/06\/19\/escola-municipal-omar-faria-alfradique\/\" \/>\n<meta property=\"og:site_name\" content=\"Roseana Murray\" \/>\n<meta property=\"article:publisher\" content=\"https:\/\/www.facebook.com\/roseana.murray\/\" \/>\n<meta property=\"article:author\" content=\"https:\/\/www.facebook.com\/roseana.murray\/\" \/>\n<meta property=\"article:published_time\" content=\"2023-06-19T20:47:22+00:00\" \/>\n<meta property=\"article:modified_time\" content=\"2023-11-14T17:00:47+00:00\" \/>\n<meta property=\"og:image\" content=\"https:\/\/roseanamurray.com\/site\/wp-content\/uploads\/2023\/06\/WhatsApp-Image-2023-06-16-at-08.25.40-1024x768-1.jpeg\" \/>\n\t<meta property=\"og:image:width\" content=\"1024\" \/>\n\t<meta property=\"og:image:height\" content=\"768\" \/>\n\t<meta property=\"og:image:type\" content=\"image\/jpeg\" \/>\n<meta name=\"author\" content=\"admin\" \/>\n<meta name=\"twitter:card\" content=\"summary_large_image\" \/>\n<meta name=\"twitter:label1\" content=\"Escrito por\" \/>\n\t<meta name=\"twitter:data1\" content=\"admin\" \/>\n\t<meta name=\"twitter:label2\" content=\"Est. tempo de leitura\" \/>\n\t<meta name=\"twitter:data2\" content=\"2 minutos\" \/>\n<script type=\"application\/ld+json\" class=\"yoast-schema-graph\">{\"@context\":\"https:\\\/\\\/schema.org\",\"@graph\":[{\"@type\":\"Article\",\"@id\":\"https:\\\/\\\/roseanamurray.com\\\/site\\\/2023\\\/06\\\/19\\\/escola-municipal-omar-faria-alfradique\\\/#article\",\"isPartOf\":{\"@id\":\"https:\\\/\\\/roseanamurray.com\\\/site\\\/2023\\\/06\\\/19\\\/escola-municipal-omar-faria-alfradique\\\/\"},\"author\":{\"name\":\"admin\",\"@id\":\"https:\\\/\\\/roseanamurray.com\\\/site\\\/#\\\/schema\\\/person\\\/fccdaf45872661cfee27c28c6d545c60\"},\"headline\":\"E.M. Omar Faria Alfradique\",\"datePublished\":\"2023-06-19T20:47:22+00:00\",\"dateModified\":\"2023-11-14T17:00:47+00:00\",\"mainEntityOfPage\":{\"@id\":\"https:\\\/\\\/roseanamurray.com\\\/site\\\/2023\\\/06\\\/19\\\/escola-municipal-omar-faria-alfradique\\\/\"},\"wordCount\":314,\"commentCount\":0,\"publisher\":{\"@id\":\"https:\\\/\\\/roseanamurray.com\\\/site\\\/#organization\"},\"image\":{\"@id\":\"https:\\\/\\\/roseanamurray.com\\\/site\\\/2023\\\/06\\\/19\\\/escola-municipal-omar-faria-alfradique\\\/#primaryimage\"},\"thumbnailUrl\":\"https:\\\/\\\/roseanamurray.com\\\/site\\\/wp-content\\\/uploads\\\/2023\\\/06\\\/WhatsApp-Image-2023-06-16-at-08.25.40-1024x768-1.jpeg\",\"articleSection\":[\"Caf\u00e9, P\u00e3o e Texto\"],\"inLanguage\":\"pt-BR\",\"potentialAction\":[{\"@type\":\"CommentAction\",\"name\":\"Comment\",\"target\":[\"https:\\\/\\\/roseanamurray.com\\\/site\\\/2023\\\/06\\\/19\\\/escola-municipal-omar-faria-alfradique\\\/#respond\"]}]},{\"@type\":\"WebPage\",\"@id\":\"https:\\\/\\\/roseanamurray.com\\\/site\\\/2023\\\/06\\\/19\\\/escola-municipal-omar-faria-alfradique\\\/\",\"url\":\"https:\\\/\\\/roseanamurray.com\\\/site\\\/2023\\\/06\\\/19\\\/escola-municipal-omar-faria-alfradique\\\/\",\"name\":\"E.M. Omar Faria Alfradique - Roseana Murray\",\"isPartOf\":{\"@id\":\"https:\\\/\\\/roseanamurray.com\\\/site\\\/#website\"},\"primaryImageOfPage\":{\"@id\":\"https:\\\/\\\/roseanamurray.com\\\/site\\\/2023\\\/06\\\/19\\\/escola-municipal-omar-faria-alfradique\\\/#primaryimage\"},\"image\":{\"@id\":\"https:\\\/\\\/roseanamurray.com\\\/site\\\/2023\\\/06\\\/19\\\/escola-municipal-omar-faria-alfradique\\\/#primaryimage\"},\"thumbnailUrl\":\"https:\\\/\\\/roseanamurray.com\\\/site\\\/wp-content\\\/uploads\\\/2023\\\/06\\\/WhatsApp-Image-2023-06-16-at-08.25.40-1024x768-1.jpeg\",\"datePublished\":\"2023-06-19T20:47:22+00:00\",\"dateModified\":\"2023-11-14T17:00:47+00:00\",\"breadcrumb\":{\"@id\":\"https:\\\/\\\/roseanamurray.com\\\/site\\\/2023\\\/06\\\/19\\\/escola-municipal-omar-faria-alfradique\\\/#breadcrumb\"},\"inLanguage\":\"pt-BR\",\"potentialAction\":[{\"@type\":\"ReadAction\",\"target\":[\"https:\\\/\\\/roseanamurray.com\\\/site\\\/2023\\\/06\\\/19\\\/escola-municipal-omar-faria-alfradique\\\/\"]}]},{\"@type\":\"ImageObject\",\"inLanguage\":\"pt-BR\",\"@id\":\"https:\\\/\\\/roseanamurray.com\\\/site\\\/2023\\\/06\\\/19\\\/escola-municipal-omar-faria-alfradique\\\/#primaryimage\",\"url\":\"https:\\\/\\\/roseanamurray.com\\\/site\\\/wp-content\\\/uploads\\\/2023\\\/06\\\/WhatsApp-Image-2023-06-16-at-08.25.40-1024x768-1.jpeg\",\"contentUrl\":\"https:\\\/\\\/roseanamurray.com\\\/site\\\/wp-content\\\/uploads\\\/2023\\\/06\\\/WhatsApp-Image-2023-06-16-at-08.25.40-1024x768-1.jpeg\",\"width\":1024,\"height\":768},{\"@type\":\"BreadcrumbList\",\"@id\":\"https:\\\/\\\/roseanamurray.com\\\/site\\\/2023\\\/06\\\/19\\\/escola-municipal-omar-faria-alfradique\\\/#breadcrumb\",\"itemListElement\":[{\"@type\":\"ListItem\",\"position\":1,\"name\":\"In\u00edcio\",\"item\":\"https:\\\/\\\/roseanamurray.com\\\/site\\\/\"},{\"@type\":\"ListItem\",\"position\":2,\"name\":\"E.M. Omar Faria Alfradique\"}]},{\"@type\":\"WebSite\",\"@id\":\"https:\\\/\\\/roseanamurray.com\\\/site\\\/#website\",\"url\":\"https:\\\/\\\/roseanamurray.com\\\/site\\\/\",\"name\":\"Roseana Murray\",\"description\":\"Poetisa e escritora de livros infanto-juvenis\",\"publisher\":{\"@id\":\"https:\\\/\\\/roseanamurray.com\\\/site\\\/#organization\"},\"potentialAction\":[{\"@type\":\"SearchAction\",\"target\":{\"@type\":\"EntryPoint\",\"urlTemplate\":\"https:\\\/\\\/roseanamurray.com\\\/site\\\/?s={search_term_string}\"},\"query-input\":{\"@type\":\"PropertyValueSpecification\",\"valueRequired\":true,\"valueName\":\"search_term_string\"}}],\"inLanguage\":\"pt-BR\"},{\"@type\":\"Organization\",\"@id\":\"https:\\\/\\\/roseanamurray.com\\\/site\\\/#organization\",\"name\":\"Roseana Murray\",\"url\":\"https:\\\/\\\/roseanamurray.com\\\/site\\\/\",\"logo\":{\"@type\":\"ImageObject\",\"inLanguage\":\"pt-BR\",\"@id\":\"https:\\\/\\\/roseanamurray.com\\\/site\\\/#\\\/schema\\\/logo\\\/image\\\/\",\"url\":\"https:\\\/\\\/roseanamurray.com\\\/site\\\/wp-content\\\/uploads\\\/2025\\\/09\\\/roseana_murray-10.jpeg\",\"contentUrl\":\"https:\\\/\\\/roseanamurray.com\\\/site\\\/wp-content\\\/uploads\\\/2025\\\/09\\\/roseana_murray-10.jpeg\",\"width\":640,\"height\":427,\"caption\":\"Roseana Murray\"},\"image\":{\"@id\":\"https:\\\/\\\/roseanamurray.com\\\/site\\\/#\\\/schema\\\/logo\\\/image\\\/\"},\"sameAs\":[\"https:\\\/\\\/www.facebook.com\\\/roseana.murray\\\/\",\"https:\\\/\\\/www.instagram.com\\\/roseanamurray\",\"https:\\\/\\\/www.youtube.com\\\/channel\\\/UC3CYVIbf6pyVaM1OM5n-thQ\"]},{\"@type\":\"Person\",\"@id\":\"https:\\\/\\\/roseanamurray.com\\\/site\\\/#\\\/schema\\\/person\\\/fccdaf45872661cfee27c28c6d545c60\",\"name\":\"admin\",\"image\":{\"@type\":\"ImageObject\",\"inLanguage\":\"pt-BR\",\"@id\":\"https:\\\/\\\/secure.gravatar.com\\\/avatar\\\/79dcbdb2b6bdd7817cb53be05a85960f828f05e25b12ed0288673f8f13407b90?s=96&d=mm&r=g\",\"url\":\"https:\\\/\\\/secure.gravatar.com\\\/avatar\\\/79dcbdb2b6bdd7817cb53be05a85960f828f05e25b12ed0288673f8f13407b90?s=96&d=mm&r=g\",\"contentUrl\":\"https:\\\/\\\/secure.gravatar.com\\\/avatar\\\/79dcbdb2b6bdd7817cb53be05a85960f828f05e25b12ed0288673f8f13407b90?s=96&d=mm&r=g\",\"caption\":\"admin\"},\"description\":\"Roseana Murray \u00e9 poeta e escritora, tecendo palavras que transformam o cotidiano em delicadeza, afeto e imagina\u00e7\u00e3o.\",\"sameAs\":[\"https:\\\/\\\/roseanamurray.com\\\/site\",\"https:\\\/\\\/www.facebook.com\\\/roseana.murray\\\/\",\"https:\\\/\\\/www.instagram.com\\\/roseanamurray\",\"https:\\\/\\\/www.youtube.com\\\/channel\\\/UC3CYVIbf6pyVaM1OM5n-thQ\"],\"url\":\"https:\\\/\\\/roseanamurray.com\\\/site\\\/author\\\/admin\\\/\"}]}<\/script>\n<!-- \/ Yoast SEO plugin. -->","yoast_head_json":{"title":"E.M. Omar Faria Alfradique - Roseana Murray","robots":{"index":"index","follow":"follow","max-snippet":"max-snippet:-1","max-image-preview":"max-image-preview:large","max-video-preview":"max-video-preview:-1"},"canonical":"https:\/\/roseanamurray.com\/site\/2023\/06\/19\/escola-municipal-omar-faria-alfradique\/","og_locale":"pt_BR","og_type":"article","og_title":"E.M. Omar Faria Alfradique - Roseana Murray","og_description":"A proprosta do Caf\u00e9, P\u00e3o e Texto \u00e9 dar de presente algumas horas de pura alegria com um caf\u00e9 da manh\u00e3 e poesia. O dia 15\/06\/23 foi para a Escola Municipal Omar Faria Alfradique, de Silva Jardim. Eu receberia 30 alunos, mas afinal, para lotar o \u00f4nibus, vieram 39 mais o motorista, mais os professores. Umas 45 pessoas na varanda. Primeiro deixo que corram pelo jardim, que pulem bastante e respirem todo o verde. Depois passamos para o caf\u00e9 da manh\u00e3. E s\u00f3 ent\u00e3o, quando todos j\u00e1 est\u00e3o de barriguinha cheia, sentamos para o texto. Como havia um professor de ci\u00eancias, o Bruno, comecei pelos poemas do livro A Teia das \u00c1guas, que eu e Bia Hetzel fizemos em parceria. Havia uma teia de aranha bem grande do lado de fora da chamin\u00e9 do fog\u00e3o de lenha. Ent\u00e3o, a partir dessa teia, li os poemas, interrompendo a leitura para que eles pudessem interagir com alguns versos. Fiz o mesmo com A Casa de Todos os Ninhos , tamb\u00e9m em parceria com a Bia, os dois editados pelo Instituto Coral Vivo. Foi uma festa para cada bicho que aparecia. O professor me ajudou a explicar algumas coisas e mergulhamos na dor das \u00e1rvores cortadas, dos pl\u00e1sticos nos oceanos&#8230;eles e elas entenderam perfeitamente a teia da vida. Depois fiz brincadeiras com alguns poemas. A Professora Vanessa, que eu j\u00e1 conhecia da E.M.Joaquina, me trouxe um presente mais do que lindo, uma caneca com o t\u00edtulo do projeto. A Professora Luciana, da Sala de Leitura ajudou a servir o caf\u00e9. O mar estava de ressaca e fomos s\u00f3 at\u00e9 a vegeta\u00e7\u00e3o de restinga para eles &#8220;sentirem&#8221; o mar e para fazermos uma foto. Aprenderam que \u00e9 essa vegeta\u00e7\u00e3o que segura a areia. Foram muitos abra\u00e7os maravilhosos na nossa despedida.","og_url":"https:\/\/roseanamurray.com\/site\/2023\/06\/19\/escola-municipal-omar-faria-alfradique\/","og_site_name":"Roseana Murray","article_publisher":"https:\/\/www.facebook.com\/roseana.murray\/","article_author":"https:\/\/www.facebook.com\/roseana.murray\/","article_published_time":"2023-06-19T20:47:22+00:00","article_modified_time":"2023-11-14T17:00:47+00:00","og_image":[{"width":1024,"height":768,"url":"https:\/\/roseanamurray.com\/site\/wp-content\/uploads\/2023\/06\/WhatsApp-Image-2023-06-16-at-08.25.40-1024x768-1.jpeg","type":"image\/jpeg"}],"author":"admin","twitter_card":"summary_large_image","twitter_misc":{"Escrito por":"admin","Est. tempo de leitura":"2 minutos"},"schema":{"@context":"https:\/\/schema.org","@graph":[{"@type":"Article","@id":"https:\/\/roseanamurray.com\/site\/2023\/06\/19\/escola-municipal-omar-faria-alfradique\/#article","isPartOf":{"@id":"https:\/\/roseanamurray.com\/site\/2023\/06\/19\/escola-municipal-omar-faria-alfradique\/"},"author":{"name":"admin","@id":"https:\/\/roseanamurray.com\/site\/#\/schema\/person\/fccdaf45872661cfee27c28c6d545c60"},"headline":"E.M. Omar Faria Alfradique","datePublished":"2023-06-19T20:47:22+00:00","dateModified":"2023-11-14T17:00:47+00:00","mainEntityOfPage":{"@id":"https:\/\/roseanamurray.com\/site\/2023\/06\/19\/escola-municipal-omar-faria-alfradique\/"},"wordCount":314,"commentCount":0,"publisher":{"@id":"https:\/\/roseanamurray.com\/site\/#organization"},"image":{"@id":"https:\/\/roseanamurray.com\/site\/2023\/06\/19\/escola-municipal-omar-faria-alfradique\/#primaryimage"},"thumbnailUrl":"https:\/\/roseanamurray.com\/site\/wp-content\/uploads\/2023\/06\/WhatsApp-Image-2023-06-16-at-08.25.40-1024x768-1.jpeg","articleSection":["Caf\u00e9, P\u00e3o e Texto"],"inLanguage":"pt-BR","potentialAction":[{"@type":"CommentAction","name":"Comment","target":["https:\/\/roseanamurray.com\/site\/2023\/06\/19\/escola-municipal-omar-faria-alfradique\/#respond"]}]},{"@type":"WebPage","@id":"https:\/\/roseanamurray.com\/site\/2023\/06\/19\/escola-municipal-omar-faria-alfradique\/","url":"https:\/\/roseanamurray.com\/site\/2023\/06\/19\/escola-municipal-omar-faria-alfradique\/","name":"E.M. Omar Faria Alfradique - Roseana Murray","isPartOf":{"@id":"https:\/\/roseanamurray.com\/site\/#website"},"primaryImageOfPage":{"@id":"https:\/\/roseanamurray.com\/site\/2023\/06\/19\/escola-municipal-omar-faria-alfradique\/#primaryimage"},"image":{"@id":"https:\/\/roseanamurray.com\/site\/2023\/06\/19\/escola-municipal-omar-faria-alfradique\/#primaryimage"},"thumbnailUrl":"https:\/\/roseanamurray.com\/site\/wp-content\/uploads\/2023\/06\/WhatsApp-Image-2023-06-16-at-08.25.40-1024x768-1.jpeg","datePublished":"2023-06-19T20:47:22+00:00","dateModified":"2023-11-14T17:00:47+00:00","breadcrumb":{"@id":"https:\/\/roseanamurray.com\/site\/2023\/06\/19\/escola-municipal-omar-faria-alfradique\/#breadcrumb"},"inLanguage":"pt-BR","potentialAction":[{"@type":"ReadAction","target":["https:\/\/roseanamurray.com\/site\/2023\/06\/19\/escola-municipal-omar-faria-alfradique\/"]}]},{"@type":"ImageObject","inLanguage":"pt-BR","@id":"https:\/\/roseanamurray.com\/site\/2023\/06\/19\/escola-municipal-omar-faria-alfradique\/#primaryimage","url":"https:\/\/roseanamurray.com\/site\/wp-content\/uploads\/2023\/06\/WhatsApp-Image-2023-06-16-at-08.25.40-1024x768-1.jpeg","contentUrl":"https:\/\/roseanamurray.com\/site\/wp-content\/uploads\/2023\/06\/WhatsApp-Image-2023-06-16-at-08.25.40-1024x768-1.jpeg","width":1024,"height":768},{"@type":"BreadcrumbList","@id":"https:\/\/roseanamurray.com\/site\/2023\/06\/19\/escola-municipal-omar-faria-alfradique\/#breadcrumb","itemListElement":[{"@type":"ListItem","position":1,"name":"In\u00edcio","item":"https:\/\/roseanamurray.com\/site\/"},{"@type":"ListItem","position":2,"name":"E.M. Omar Faria Alfradique"}]},{"@type":"WebSite","@id":"https:\/\/roseanamurray.com\/site\/#website","url":"https:\/\/roseanamurray.com\/site\/","name":"Roseana Murray","description":"Poetisa e escritora de livros infanto-juvenis","publisher":{"@id":"https:\/\/roseanamurray.com\/site\/#organization"},"potentialAction":[{"@type":"SearchAction","target":{"@type":"EntryPoint","urlTemplate":"https:\/\/roseanamurray.com\/site\/?s={search_term_string}"},"query-input":{"@type":"PropertyValueSpecification","valueRequired":true,"valueName":"search_term_string"}}],"inLanguage":"pt-BR"},{"@type":"Organization","@id":"https:\/\/roseanamurray.com\/site\/#organization","name":"Roseana Murray","url":"https:\/\/roseanamurray.com\/site\/","logo":{"@type":"ImageObject","inLanguage":"pt-BR","@id":"https:\/\/roseanamurray.com\/site\/#\/schema\/logo\/image\/","url":"https:\/\/roseanamurray.com\/site\/wp-content\/uploads\/2025\/09\/roseana_murray-10.jpeg","contentUrl":"https:\/\/roseanamurray.com\/site\/wp-content\/uploads\/2025\/09\/roseana_murray-10.jpeg","width":640,"height":427,"caption":"Roseana Murray"},"image":{"@id":"https:\/\/roseanamurray.com\/site\/#\/schema\/logo\/image\/"},"sameAs":["https:\/\/www.facebook.com\/roseana.murray\/","https:\/\/www.instagram.com\/roseanamurray","https:\/\/www.youtube.com\/channel\/UC3CYVIbf6pyVaM1OM5n-thQ"]},{"@type":"Person","@id":"https:\/\/roseanamurray.com\/site\/#\/schema\/person\/fccdaf45872661cfee27c28c6d545c60","name":"admin","image":{"@type":"ImageObject","inLanguage":"pt-BR","@id":"https:\/\/secure.gravatar.com\/avatar\/79dcbdb2b6bdd7817cb53be05a85960f828f05e25b12ed0288673f8f13407b90?s=96&d=mm&r=g","url":"https:\/\/secure.gravatar.com\/avatar\/79dcbdb2b6bdd7817cb53be05a85960f828f05e25b12ed0288673f8f13407b90?s=96&d=mm&r=g","contentUrl":"https:\/\/secure.gravatar.com\/avatar\/79dcbdb2b6bdd7817cb53be05a85960f828f05e25b12ed0288673f8f13407b90?s=96&d=mm&r=g","caption":"admin"},"description":"Roseana Murray \u00e9 poeta e escritora, tecendo palavras que transformam o cotidiano em delicadeza, afeto e imagina\u00e7\u00e3o.","sameAs":["https:\/\/roseanamurray.com\/site","https:\/\/www.facebook.com\/roseana.murray\/","https:\/\/www.instagram.com\/roseanamurray","https:\/\/www.youtube.com\/channel\/UC3CYVIbf6pyVaM1OM5n-thQ"],"url":"https:\/\/roseanamurray.com\/site\/author\/admin\/"}]}},"_links":{"self":[{"href":"https:\/\/roseanamurray.com\/site\/wp-json\/wp\/v2\/posts\/1941","targetHints":{"allow":["GET"]}}],"collection":[{"href":"https:\/\/roseanamurray.com\/site\/wp-json\/wp\/v2\/posts"}],"about":[{"href":"https:\/\/roseanamurray.com\/site\/wp-json\/wp\/v2\/types\/post"}],"author":[{"embeddable":true,"href":"https:\/\/roseanamurray.com\/site\/wp-json\/wp\/v2\/users\/1"}],"replies":[{"embeddable":true,"href":"https:\/\/roseanamurray.com\/site\/wp-json\/wp\/v2\/comments?post=1941"}],"version-history":[{"count":1,"href":"https:\/\/roseanamurray.com\/site\/wp-json\/wp\/v2\/posts\/1941\/revisions"}],"predecessor-version":[{"id":2980,"href":"https:\/\/roseanamurray.com\/site\/wp-json\/wp\/v2\/posts\/1941\/revisions\/2980"}],"wp:featuredmedia":[{"embeddable":true,"href":"https:\/\/roseanamurray.com\/site\/wp-json\/wp\/v2\/media\/2979"}],"wp:attachment":[{"href":"https:\/\/roseanamurray.com\/site\/wp-json\/wp\/v2\/media?parent=1941"}],"wp:term":[{"taxonomy":"category","embeddable":true,"href":"https:\/\/roseanamurray.com\/site\/wp-json\/wp\/v2\/categories?post=1941"},{"taxonomy":"post_tag","embeddable":true,"href":"https:\/\/roseanamurray.com\/site\/wp-json\/wp\/v2\/tags?post=1941"}],"curies":[{"name":"wp","href":"https:\/\/api.w.org\/{rel}","templated":true}]}}