{"id":1872,"date":"2023-02-25T09:58:43","date_gmt":"2023-02-25T11:58:43","guid":{"rendered":"http:\/\/roseanamurray.com\/site\/?p=1872"},"modified":"2023-02-25T09:58:43","modified_gmt":"2023-02-25T11:58:43","slug":"e-e-visconde-de-itaborai","status":"publish","type":"post","link":"https:\/\/roseanamurray.com\/site\/2023\/02\/25\/e-e-visconde-de-itaborai\/","title":{"rendered":"E.E. Visconde de Itabora\u00ed"},"content":{"rendered":"<p><img fetchpriority=\"high\" decoding=\"async\" class=\"alignnone size-large wp-image-1873\" src=\"http:\/\/roseanamurray.com\/site\/wp-content\/uploads\/2023\/02\/da6a0151-9dde-48c0-b2fc-32c5ffe2ea61-1024x768.jpg\" alt=\"da6a0151-9dde-48c0-b2fc-32c5ffe2ea61\" width=\"696\" height=\"522\" \/><\/p>\n<p>Hoje recebi a E.E.VISCONDE DE ITABORA\u00cd em meu Caf\u00e9, P\u00e3o e Texto.<br \/>\nO dia estalava de azul, feito papel de seda.<br \/>\nEram umas 22 normalistas e um homem apenas. Em breve ser\u00e3o Professoras e Professor do Fundamental I.<br \/>\nO meu dia come\u00e7ou cedo.<br \/>\nFiz uma caminhada de 40 minutos e meia hora de muscula\u00e7\u00e3o. Mas, at\u00e9 a chegada, estava tudo pronto:<br \/>\nA mesa posta, o p\u00e3o saindo do forno.<br \/>\nA conversa foi linda. Tudo sobre Educa\u00e7\u00e3o. Sou uma poeta que pensa muito e l\u00ea muito sobre o tema. Conheci tantas escolas ao longo dos 40 anos viajando!<br \/>\nElas ir\u00e3o come\u00e7ar a trabalhar logo, e precisam pensar sobre a literatura como personagem principal.<br \/>\nPensar que a Escola P\u00fablica hoje deve ser um espa\u00e7o de humaniza\u00e7\u00e3o e leitura, sobretudo.<br \/>\nTodos interagiram.<br \/>\nLi alguns dos meus poemas e Bandeira e Elizabeth Bishop.<br \/>\nFalamos de tanta coisa.<br \/>\nFoi muito bom habitar essa Pas\u00e1rgada hoje.<\/p>\n\n","protected":false},"excerpt":{"rendered":"<p>Hoje recebi a E.E.VISCONDE DE ITABORA\u00cd em meu Caf\u00e9, P\u00e3o e Texto. O dia estalava de azul, feito papel de seda. Eram umas 22 normalistas e um homem apenas. Em breve ser\u00e3o Professoras e Professor do Fundamental I. O meu dia come\u00e7ou cedo. Fiz uma caminhada de 40 minutos e meia hora de muscula\u00e7\u00e3o. Mas, at\u00e9 a chegada, estava tudo pronto: A mesa posta, o p\u00e3o saindo do forno. A conversa foi linda. Tudo sobre Educa\u00e7\u00e3o. Sou uma poeta que pensa muito e l\u00ea muito sobre o tema. Conheci tantas escolas ao longo dos 40 anos viajando! Elas ir\u00e3o come\u00e7ar a trabalhar logo, e precisam pensar sobre a literatura como personagem principal. Pensar que a Escola P\u00fablica hoje deve ser um espa\u00e7o de humaniza\u00e7\u00e3o e leitura, sobretudo. Todos interagiram. Li alguns dos meus poemas e Bandeira e Elizabeth Bishop. Falamos de tanta coisa. Foi muito bom habitar essa Pas\u00e1rgada hoje.<\/p>\n","protected":false},"author":1,"featured_media":1873,"comment_status":"open","ping_status":"open","sticky":false,"template":"","format":"standard","meta":{"footnotes":"","_links_to":"","_links_to_target":""},"categories":[14],"tags":[],"class_list":["post-1872","post","type-post","status-publish","format-standard","has-post-thumbnail","hentry","category-cafe-pao-e-texto"],"yoast_head":"<!-- This site is optimized with the Yoast SEO plugin v28.3 - https:\/\/yoast.com\/product\/yoast-seo-wordpress\/ -->\n<title>E.E. Visconde de Itabora\u00ed - Roseana Murray<\/title>\n<meta name=\"robots\" content=\"index, follow, max-snippet:-1, max-image-preview:large, max-video-preview:-1\" \/>\n<link rel=\"canonical\" href=\"https:\/\/roseanamurray.com\/site\/2023\/02\/25\/e-e-visconde-de-itaborai\/\" \/>\n<meta property=\"og:locale\" content=\"pt_BR\" \/>\n<meta property=\"og:type\" content=\"article\" \/>\n<meta property=\"og:title\" content=\"E.E. Visconde de Itabora\u00ed - Roseana Murray\" \/>\n<meta property=\"og:description\" content=\"Hoje recebi a E.E.VISCONDE DE ITABORA\u00cd em meu Caf\u00e9, P\u00e3o e Texto. O dia estalava de azul, feito papel de seda. Eram umas 22 normalistas e um homem apenas. Em breve ser\u00e3o Professoras e Professor do Fundamental I. O meu dia come\u00e7ou cedo. Fiz uma caminhada de 40 minutos e meia hora de muscula\u00e7\u00e3o. Mas, at\u00e9 a chegada, estava tudo pronto: A mesa posta, o p\u00e3o saindo do forno. A conversa foi linda. Tudo sobre Educa\u00e7\u00e3o. Sou uma poeta que pensa muito e l\u00ea muito sobre o tema. Conheci tantas escolas ao longo dos 40 anos viajando! Elas ir\u00e3o come\u00e7ar a trabalhar logo, e precisam pensar sobre a literatura como personagem principal. Pensar que a Escola P\u00fablica hoje deve ser um espa\u00e7o de humaniza\u00e7\u00e3o e leitura, sobretudo. Todos interagiram. Li alguns dos meus poemas e Bandeira e Elizabeth Bishop. Falamos de tanta coisa. Foi muito bom habitar essa Pas\u00e1rgada hoje.\" \/>\n<meta property=\"og:url\" content=\"https:\/\/roseanamurray.com\/site\/2023\/02\/25\/e-e-visconde-de-itaborai\/\" \/>\n<meta property=\"og:site_name\" content=\"Roseana Murray\" \/>\n<meta property=\"article:publisher\" content=\"https:\/\/www.facebook.com\/roseana.murray\/\" \/>\n<meta property=\"article:author\" content=\"https:\/\/www.facebook.com\/roseana.murray\/\" \/>\n<meta property=\"article:published_time\" content=\"2023-02-25T11:58:43+00:00\" \/>\n<meta name=\"author\" content=\"admin\" \/>\n<meta name=\"twitter:card\" content=\"summary_large_image\" \/>\n<meta name=\"twitter:label1\" content=\"Escrito por\" \/>\n\t<meta name=\"twitter:data1\" content=\"admin\" \/>\n\t<meta name=\"twitter:label2\" content=\"Est. tempo de leitura\" \/>\n\t<meta name=\"twitter:data2\" content=\"1 minuto\" \/>\n<script type=\"application\/ld+json\" class=\"yoast-schema-graph\">{\"@context\":\"https:\\\/\\\/schema.org\",\"@graph\":[{\"@type\":\"Article\",\"@id\":\"https:\\\/\\\/roseanamurray.com\\\/site\\\/2023\\\/02\\\/25\\\/e-e-visconde-de-itaborai\\\/#article\",\"isPartOf\":{\"@id\":\"https:\\\/\\\/roseanamurray.com\\\/site\\\/2023\\\/02\\\/25\\\/e-e-visconde-de-itaborai\\\/\"},\"author\":{\"name\":\"admin\",\"@id\":\"https:\\\/\\\/roseanamurray.com\\\/site\\\/#\\\/schema\\\/person\\\/fccdaf45872661cfee27c28c6d545c60\"},\"headline\":\"E.E. Visconde de Itabora\u00ed\",\"datePublished\":\"2023-02-25T11:58:43+00:00\",\"mainEntityOfPage\":{\"@id\":\"https:\\\/\\\/roseanamurray.com\\\/site\\\/2023\\\/02\\\/25\\\/e-e-visconde-de-itaborai\\\/\"},\"wordCount\":171,\"commentCount\":0,\"publisher\":{\"@id\":\"https:\\\/\\\/roseanamurray.com\\\/site\\\/#organization\"},\"image\":{\"@id\":\"https:\\\/\\\/roseanamurray.com\\\/site\\\/2023\\\/02\\\/25\\\/e-e-visconde-de-itaborai\\\/#primaryimage\"},\"thumbnailUrl\":\"\",\"articleSection\":[\"Caf\u00e9, P\u00e3o e Texto\"],\"inLanguage\":\"pt-BR\",\"potentialAction\":[{\"@type\":\"CommentAction\",\"name\":\"Comment\",\"target\":[\"https:\\\/\\\/roseanamurray.com\\\/site\\\/2023\\\/02\\\/25\\\/e-e-visconde-de-itaborai\\\/#respond\"]}]},{\"@type\":\"WebPage\",\"@id\":\"https:\\\/\\\/roseanamurray.com\\\/site\\\/2023\\\/02\\\/25\\\/e-e-visconde-de-itaborai\\\/\",\"url\":\"https:\\\/\\\/roseanamurray.com\\\/site\\\/2023\\\/02\\\/25\\\/e-e-visconde-de-itaborai\\\/\",\"name\":\"E.E. Visconde de Itabora\u00ed - Roseana Murray\",\"isPartOf\":{\"@id\":\"https:\\\/\\\/roseanamurray.com\\\/site\\\/#website\"},\"primaryImageOfPage\":{\"@id\":\"https:\\\/\\\/roseanamurray.com\\\/site\\\/2023\\\/02\\\/25\\\/e-e-visconde-de-itaborai\\\/#primaryimage\"},\"image\":{\"@id\":\"https:\\\/\\\/roseanamurray.com\\\/site\\\/2023\\\/02\\\/25\\\/e-e-visconde-de-itaborai\\\/#primaryimage\"},\"thumbnailUrl\":\"\",\"datePublished\":\"2023-02-25T11:58:43+00:00\",\"breadcrumb\":{\"@id\":\"https:\\\/\\\/roseanamurray.com\\\/site\\\/2023\\\/02\\\/25\\\/e-e-visconde-de-itaborai\\\/#breadcrumb\"},\"inLanguage\":\"pt-BR\",\"potentialAction\":[{\"@type\":\"ReadAction\",\"target\":[\"https:\\\/\\\/roseanamurray.com\\\/site\\\/2023\\\/02\\\/25\\\/e-e-visconde-de-itaborai\\\/\"]}]},{\"@type\":\"ImageObject\",\"inLanguage\":\"pt-BR\",\"@id\":\"https:\\\/\\\/roseanamurray.com\\\/site\\\/2023\\\/02\\\/25\\\/e-e-visconde-de-itaborai\\\/#primaryimage\",\"url\":\"\",\"contentUrl\":\"\"},{\"@type\":\"BreadcrumbList\",\"@id\":\"https:\\\/\\\/roseanamurray.com\\\/site\\\/2023\\\/02\\\/25\\\/e-e-visconde-de-itaborai\\\/#breadcrumb\",\"itemListElement\":[{\"@type\":\"ListItem\",\"position\":1,\"name\":\"In\u00edcio\",\"item\":\"https:\\\/\\\/roseanamurray.com\\\/site\\\/\"},{\"@type\":\"ListItem\",\"position\":2,\"name\":\"E.E. Visconde de Itabora\u00ed\"}]},{\"@type\":\"WebSite\",\"@id\":\"https:\\\/\\\/roseanamurray.com\\\/site\\\/#website\",\"url\":\"https:\\\/\\\/roseanamurray.com\\\/site\\\/\",\"name\":\"Roseana Murray\",\"description\":\"Poetisa e escritora de livros infanto-juvenis\",\"publisher\":{\"@id\":\"https:\\\/\\\/roseanamurray.com\\\/site\\\/#organization\"},\"potentialAction\":[{\"@type\":\"SearchAction\",\"target\":{\"@type\":\"EntryPoint\",\"urlTemplate\":\"https:\\\/\\\/roseanamurray.com\\\/site\\\/?s={search_term_string}\"},\"query-input\":{\"@type\":\"PropertyValueSpecification\",\"valueRequired\":true,\"valueName\":\"search_term_string\"}}],\"inLanguage\":\"pt-BR\"},{\"@type\":\"Organization\",\"@id\":\"https:\\\/\\\/roseanamurray.com\\\/site\\\/#organization\",\"name\":\"Roseana Murray\",\"url\":\"https:\\\/\\\/roseanamurray.com\\\/site\\\/\",\"logo\":{\"@type\":\"ImageObject\",\"inLanguage\":\"pt-BR\",\"@id\":\"https:\\\/\\\/roseanamurray.com\\\/site\\\/#\\\/schema\\\/logo\\\/image\\\/\",\"url\":\"https:\\\/\\\/roseanamurray.com\\\/site\\\/wp-content\\\/uploads\\\/2025\\\/09\\\/roseana_murray-10.jpeg\",\"contentUrl\":\"https:\\\/\\\/roseanamurray.com\\\/site\\\/wp-content\\\/uploads\\\/2025\\\/09\\\/roseana_murray-10.jpeg\",\"width\":640,\"height\":427,\"caption\":\"Roseana Murray\"},\"image\":{\"@id\":\"https:\\\/\\\/roseanamurray.com\\\/site\\\/#\\\/schema\\\/logo\\\/image\\\/\"},\"sameAs\":[\"https:\\\/\\\/www.facebook.com\\\/roseana.murray\\\/\",\"https:\\\/\\\/www.instagram.com\\\/roseanamurray\",\"https:\\\/\\\/www.youtube.com\\\/channel\\\/UC3CYVIbf6pyVaM1OM5n-thQ\"]},{\"@type\":\"Person\",\"@id\":\"https:\\\/\\\/roseanamurray.com\\\/site\\\/#\\\/schema\\\/person\\\/fccdaf45872661cfee27c28c6d545c60\",\"name\":\"admin\",\"image\":{\"@type\":\"ImageObject\",\"inLanguage\":\"pt-BR\",\"@id\":\"https:\\\/\\\/secure.gravatar.com\\\/avatar\\\/79dcbdb2b6bdd7817cb53be05a85960f828f05e25b12ed0288673f8f13407b90?s=96&d=mm&r=g\",\"url\":\"https:\\\/\\\/secure.gravatar.com\\\/avatar\\\/79dcbdb2b6bdd7817cb53be05a85960f828f05e25b12ed0288673f8f13407b90?s=96&d=mm&r=g\",\"contentUrl\":\"https:\\\/\\\/secure.gravatar.com\\\/avatar\\\/79dcbdb2b6bdd7817cb53be05a85960f828f05e25b12ed0288673f8f13407b90?s=96&d=mm&r=g\",\"caption\":\"admin\"},\"description\":\"Roseana Murray \u00e9 poeta e escritora, tecendo palavras que transformam o cotidiano em delicadeza, afeto e imagina\u00e7\u00e3o.\",\"sameAs\":[\"https:\\\/\\\/roseanamurray.com\\\/site\",\"https:\\\/\\\/www.facebook.com\\\/roseana.murray\\\/\",\"https:\\\/\\\/www.instagram.com\\\/roseanamurray\",\"https:\\\/\\\/www.youtube.com\\\/channel\\\/UC3CYVIbf6pyVaM1OM5n-thQ\"],\"url\":\"https:\\\/\\\/roseanamurray.com\\\/site\\\/author\\\/admin\\\/\"}]}<\/script>\n<!-- \/ Yoast SEO plugin. -->","yoast_head_json":{"title":"E.E. Visconde de Itabora\u00ed - Roseana Murray","robots":{"index":"index","follow":"follow","max-snippet":"max-snippet:-1","max-image-preview":"max-image-preview:large","max-video-preview":"max-video-preview:-1"},"canonical":"https:\/\/roseanamurray.com\/site\/2023\/02\/25\/e-e-visconde-de-itaborai\/","og_locale":"pt_BR","og_type":"article","og_title":"E.E. Visconde de Itabora\u00ed - Roseana Murray","og_description":"Hoje recebi a E.E.VISCONDE DE ITABORA\u00cd em meu Caf\u00e9, P\u00e3o e Texto. O dia estalava de azul, feito papel de seda. Eram umas 22 normalistas e um homem apenas. Em breve ser\u00e3o Professoras e Professor do Fundamental I. O meu dia come\u00e7ou cedo. Fiz uma caminhada de 40 minutos e meia hora de muscula\u00e7\u00e3o. Mas, at\u00e9 a chegada, estava tudo pronto: A mesa posta, o p\u00e3o saindo do forno. A conversa foi linda. Tudo sobre Educa\u00e7\u00e3o. Sou uma poeta que pensa muito e l\u00ea muito sobre o tema. Conheci tantas escolas ao longo dos 40 anos viajando! Elas ir\u00e3o come\u00e7ar a trabalhar logo, e precisam pensar sobre a literatura como personagem principal. Pensar que a Escola P\u00fablica hoje deve ser um espa\u00e7o de humaniza\u00e7\u00e3o e leitura, sobretudo. Todos interagiram. Li alguns dos meus poemas e Bandeira e Elizabeth Bishop. Falamos de tanta coisa. Foi muito bom habitar essa Pas\u00e1rgada hoje.","og_url":"https:\/\/roseanamurray.com\/site\/2023\/02\/25\/e-e-visconde-de-itaborai\/","og_site_name":"Roseana Murray","article_publisher":"https:\/\/www.facebook.com\/roseana.murray\/","article_author":"https:\/\/www.facebook.com\/roseana.murray\/","article_published_time":"2023-02-25T11:58:43+00:00","author":"admin","twitter_card":"summary_large_image","twitter_misc":{"Escrito por":"admin","Est. tempo de leitura":"1 minuto"},"schema":{"@context":"https:\/\/schema.org","@graph":[{"@type":"Article","@id":"https:\/\/roseanamurray.com\/site\/2023\/02\/25\/e-e-visconde-de-itaborai\/#article","isPartOf":{"@id":"https:\/\/roseanamurray.com\/site\/2023\/02\/25\/e-e-visconde-de-itaborai\/"},"author":{"name":"admin","@id":"https:\/\/roseanamurray.com\/site\/#\/schema\/person\/fccdaf45872661cfee27c28c6d545c60"},"headline":"E.E. Visconde de Itabora\u00ed","datePublished":"2023-02-25T11:58:43+00:00","mainEntityOfPage":{"@id":"https:\/\/roseanamurray.com\/site\/2023\/02\/25\/e-e-visconde-de-itaborai\/"},"wordCount":171,"commentCount":0,"publisher":{"@id":"https:\/\/roseanamurray.com\/site\/#organization"},"image":{"@id":"https:\/\/roseanamurray.com\/site\/2023\/02\/25\/e-e-visconde-de-itaborai\/#primaryimage"},"thumbnailUrl":"","articleSection":["Caf\u00e9, P\u00e3o e Texto"],"inLanguage":"pt-BR","potentialAction":[{"@type":"CommentAction","name":"Comment","target":["https:\/\/roseanamurray.com\/site\/2023\/02\/25\/e-e-visconde-de-itaborai\/#respond"]}]},{"@type":"WebPage","@id":"https:\/\/roseanamurray.com\/site\/2023\/02\/25\/e-e-visconde-de-itaborai\/","url":"https:\/\/roseanamurray.com\/site\/2023\/02\/25\/e-e-visconde-de-itaborai\/","name":"E.E. Visconde de Itabora\u00ed - Roseana Murray","isPartOf":{"@id":"https:\/\/roseanamurray.com\/site\/#website"},"primaryImageOfPage":{"@id":"https:\/\/roseanamurray.com\/site\/2023\/02\/25\/e-e-visconde-de-itaborai\/#primaryimage"},"image":{"@id":"https:\/\/roseanamurray.com\/site\/2023\/02\/25\/e-e-visconde-de-itaborai\/#primaryimage"},"thumbnailUrl":"","datePublished":"2023-02-25T11:58:43+00:00","breadcrumb":{"@id":"https:\/\/roseanamurray.com\/site\/2023\/02\/25\/e-e-visconde-de-itaborai\/#breadcrumb"},"inLanguage":"pt-BR","potentialAction":[{"@type":"ReadAction","target":["https:\/\/roseanamurray.com\/site\/2023\/02\/25\/e-e-visconde-de-itaborai\/"]}]},{"@type":"ImageObject","inLanguage":"pt-BR","@id":"https:\/\/roseanamurray.com\/site\/2023\/02\/25\/e-e-visconde-de-itaborai\/#primaryimage","url":"","contentUrl":""},{"@type":"BreadcrumbList","@id":"https:\/\/roseanamurray.com\/site\/2023\/02\/25\/e-e-visconde-de-itaborai\/#breadcrumb","itemListElement":[{"@type":"ListItem","position":1,"name":"In\u00edcio","item":"https:\/\/roseanamurray.com\/site\/"},{"@type":"ListItem","position":2,"name":"E.E. Visconde de Itabora\u00ed"}]},{"@type":"WebSite","@id":"https:\/\/roseanamurray.com\/site\/#website","url":"https:\/\/roseanamurray.com\/site\/","name":"Roseana Murray","description":"Poetisa e escritora de livros infanto-juvenis","publisher":{"@id":"https:\/\/roseanamurray.com\/site\/#organization"},"potentialAction":[{"@type":"SearchAction","target":{"@type":"EntryPoint","urlTemplate":"https:\/\/roseanamurray.com\/site\/?s={search_term_string}"},"query-input":{"@type":"PropertyValueSpecification","valueRequired":true,"valueName":"search_term_string"}}],"inLanguage":"pt-BR"},{"@type":"Organization","@id":"https:\/\/roseanamurray.com\/site\/#organization","name":"Roseana Murray","url":"https:\/\/roseanamurray.com\/site\/","logo":{"@type":"ImageObject","inLanguage":"pt-BR","@id":"https:\/\/roseanamurray.com\/site\/#\/schema\/logo\/image\/","url":"https:\/\/roseanamurray.com\/site\/wp-content\/uploads\/2025\/09\/roseana_murray-10.jpeg","contentUrl":"https:\/\/roseanamurray.com\/site\/wp-content\/uploads\/2025\/09\/roseana_murray-10.jpeg","width":640,"height":427,"caption":"Roseana Murray"},"image":{"@id":"https:\/\/roseanamurray.com\/site\/#\/schema\/logo\/image\/"},"sameAs":["https:\/\/www.facebook.com\/roseana.murray\/","https:\/\/www.instagram.com\/roseanamurray","https:\/\/www.youtube.com\/channel\/UC3CYVIbf6pyVaM1OM5n-thQ"]},{"@type":"Person","@id":"https:\/\/roseanamurray.com\/site\/#\/schema\/person\/fccdaf45872661cfee27c28c6d545c60","name":"admin","image":{"@type":"ImageObject","inLanguage":"pt-BR","@id":"https:\/\/secure.gravatar.com\/avatar\/79dcbdb2b6bdd7817cb53be05a85960f828f05e25b12ed0288673f8f13407b90?s=96&d=mm&r=g","url":"https:\/\/secure.gravatar.com\/avatar\/79dcbdb2b6bdd7817cb53be05a85960f828f05e25b12ed0288673f8f13407b90?s=96&d=mm&r=g","contentUrl":"https:\/\/secure.gravatar.com\/avatar\/79dcbdb2b6bdd7817cb53be05a85960f828f05e25b12ed0288673f8f13407b90?s=96&d=mm&r=g","caption":"admin"},"description":"Roseana Murray \u00e9 poeta e escritora, tecendo palavras que transformam o cotidiano em delicadeza, afeto e imagina\u00e7\u00e3o.","sameAs":["https:\/\/roseanamurray.com\/site","https:\/\/www.facebook.com\/roseana.murray\/","https:\/\/www.instagram.com\/roseanamurray","https:\/\/www.youtube.com\/channel\/UC3CYVIbf6pyVaM1OM5n-thQ"],"url":"https:\/\/roseanamurray.com\/site\/author\/admin\/"}]}},"_links":{"self":[{"href":"https:\/\/roseanamurray.com\/site\/wp-json\/wp\/v2\/posts\/1872","targetHints":{"allow":["GET"]}}],"collection":[{"href":"https:\/\/roseanamurray.com\/site\/wp-json\/wp\/v2\/posts"}],"about":[{"href":"https:\/\/roseanamurray.com\/site\/wp-json\/wp\/v2\/types\/post"}],"author":[{"embeddable":true,"href":"https:\/\/roseanamurray.com\/site\/wp-json\/wp\/v2\/users\/1"}],"replies":[{"embeddable":true,"href":"https:\/\/roseanamurray.com\/site\/wp-json\/wp\/v2\/comments?post=1872"}],"version-history":[{"count":0,"href":"https:\/\/roseanamurray.com\/site\/wp-json\/wp\/v2\/posts\/1872\/revisions"}],"wp:attachment":[{"href":"https:\/\/roseanamurray.com\/site\/wp-json\/wp\/v2\/media?parent=1872"}],"wp:term":[{"taxonomy":"category","embeddable":true,"href":"https:\/\/roseanamurray.com\/site\/wp-json\/wp\/v2\/categories?post=1872"},{"taxonomy":"post_tag","embeddable":true,"href":"https:\/\/roseanamurray.com\/site\/wp-json\/wp\/v2\/tags?post=1872"}],"curies":[{"name":"wp","href":"https:\/\/api.w.org\/{rel}","templated":true}]}}