{"id":1235,"date":"2019-10-31T11:49:28","date_gmt":"2019-10-31T13:49:28","guid":{"rendered":"http:\/\/roseanamurray.com\/site\/?p=1235"},"modified":"2019-10-31T11:49:28","modified_gmt":"2019-10-31T13:49:28","slug":"e-m-simar-machado-sodre","status":"publish","type":"post","link":"https:\/\/roseanamurray.com\/site\/2019\/10\/31\/e-m-simar-machado-sodre\/","title":{"rendered":"E.M Simar Machado Sodr\u00e9"},"content":{"rendered":"<p><img fetchpriority=\"high\" decoding=\"async\" src=\"http:\/\/roseanamurray.com\/site\/wp-content\/uploads\/2019\/10\/PHOTO-2019-10-24-13-29-34_1.jpg\" alt=\"photo-2019-10-24-13-29-34_1\" width=\"1152\" height=\"864\" class=\"alignnone size-full wp-image-1237\" \/><\/p>\n<p>Hoje a chegou na minha casa com uma orqu\u00eddea e as crian\u00e7as mais maravilhosas do mundo e a viagem de Rio das Ostras at\u00e9 Saquarema demorou muito. Havia obras na estrada.<\/p>\n<p>As Professoras Marilene, Juanita, Alessandra, Luzia, Dulce e Kellrem fazem um trabalho t\u00e3o extraordin\u00e1rio que vou levar muito tempo para me recuperar da emo\u00e7\u00e3o.<\/p>\n<p>Toda a for\u00e7a da Escola Simar nasce da sua Sala de Leitura, que havia sido desativada e as professoras conseguiram recuperar.<\/p>\n<p>\u00c9 impressionante a for\u00e7a e a luz destas professoras.<\/p>\n<p>As crian\u00e7as eram magn\u00edficas, lendo com total flu\u00eancia e propriedade.<\/p>\n<p>Elas me trouxeram uma surpresa:<br \/>\nComo atores e atrizes profissionais, encenaram em cima do tapete uma pe\u00e7a que era a jun\u00e7\u00e3o de poemas do meu livro Colo de Av\u00f3 e Um Av\u00f4 e seu Neto.<\/p>\n<p>Uma montagem LINDA!!! Com figurino e tudo.<\/p>\n<p>Posso afirmar que essa escola est\u00e1 salvando 743 crian\u00e7as com teatro, livros, poesia!<\/p>\n<p>Perguntei para as crian\u00e7as o que havia de bom na escola e a resposta foi un\u00e2nime:<br \/>\nA Sala de Leitura e as Professoras.<\/p>\n<p>Os alunos que vieram eram da terceira, quarta e quinta s\u00e9ries. A escola termina na quinta e quem vai embora est\u00e1 muito triste, me contaram.<\/p>\n<p>Fizeram poemas incr\u00edveis inspirados no Colo de Av\u00f3.<\/p>\n<p>Eram crian\u00e7as muito sensibilizadas. Um sonho.<\/p>\n<p>E adoraram o caf\u00e9 da manh\u00e3 e ganhei tantos milh\u00f5es de abra\u00e7os e beijos que irei levitar por muito tempo.<\/p>\n\n","protected":false},"excerpt":{"rendered":"<p>Hoje a chegou na minha casa com uma orqu\u00eddea e as crian\u00e7as mais maravilhosas do mundo e a viagem de Rio das Ostras at\u00e9 Saquarema demorou muito. Havia obras na estrada. As Professoras Marilene, Juanita, Alessandra, Luzia, Dulce e Kellrem fazem um trabalho t\u00e3o extraordin\u00e1rio que vou levar muito tempo para me recuperar da emo\u00e7\u00e3o. Toda a for\u00e7a da Escola Simar nasce da sua Sala de Leitura, que havia sido desativada e as professoras conseguiram recuperar. \u00c9 impressionante a for\u00e7a e a luz destas professoras. As crian\u00e7as eram magn\u00edficas, lendo com total flu\u00eancia e propriedade. Elas me trouxeram uma surpresa: Como atores e atrizes profissionais, encenaram em cima do tapete uma pe\u00e7a que era a jun\u00e7\u00e3o de poemas do meu livro Colo de Av\u00f3 e Um Av\u00f4 e seu Neto. Uma montagem LINDA!!! Com figurino e tudo. Posso afirmar que essa escola est\u00e1 salvando 743 crian\u00e7as com teatro, livros, poesia! Perguntei para as crian\u00e7as o que havia de bom na escola e a resposta foi un\u00e2nime: A Sala de Leitura e as Professoras. Os alunos que vieram eram da terceira, quarta e quinta s\u00e9ries. A escola termina na quinta e quem vai embora est\u00e1 muito triste, me contaram. Fizeram poemas incr\u00edveis inspirados no Colo de Av\u00f3. Eram crian\u00e7as muito sensibilizadas. Um sonho. E adoraram o caf\u00e9 da manh\u00e3 e ganhei tantos milh\u00f5es de abra\u00e7os e beijos que irei levitar por muito tempo.<\/p>\n","protected":false},"author":1,"featured_media":1237,"comment_status":"open","ping_status":"open","sticky":false,"template":"","format":"standard","meta":{"footnotes":"","_links_to":"","_links_to_target":""},"categories":[14],"tags":[],"class_list":["post-1235","post","type-post","status-publish","format-standard","has-post-thumbnail","hentry","category-cafe-pao-e-texto"],"yoast_head":"<!-- This site is optimized with the Yoast SEO plugin v28.3 - https:\/\/yoast.com\/product\/yoast-seo-wordpress\/ -->\n<title>E.M Simar Machado Sodr\u00e9 - Roseana Murray<\/title>\n<meta name=\"robots\" content=\"index, follow, max-snippet:-1, max-image-preview:large, max-video-preview:-1\" \/>\n<link rel=\"canonical\" href=\"https:\/\/roseanamurray.com\/site\/2019\/10\/31\/e-m-simar-machado-sodre\/\" \/>\n<meta property=\"og:locale\" content=\"pt_BR\" \/>\n<meta property=\"og:type\" content=\"article\" \/>\n<meta property=\"og:title\" content=\"E.M Simar Machado Sodr\u00e9 - Roseana Murray\" \/>\n<meta property=\"og:description\" content=\"Hoje a chegou na minha casa com uma orqu\u00eddea e as crian\u00e7as mais maravilhosas do mundo e a viagem de Rio das Ostras at\u00e9 Saquarema demorou muito. Havia obras na estrada. As Professoras Marilene, Juanita, Alessandra, Luzia, Dulce e Kellrem fazem um trabalho t\u00e3o extraordin\u00e1rio que vou levar muito tempo para me recuperar da emo\u00e7\u00e3o. Toda a for\u00e7a da Escola Simar nasce da sua Sala de Leitura, que havia sido desativada e as professoras conseguiram recuperar. \u00c9 impressionante a for\u00e7a e a luz destas professoras. As crian\u00e7as eram magn\u00edficas, lendo com total flu\u00eancia e propriedade. Elas me trouxeram uma surpresa: Como atores e atrizes profissionais, encenaram em cima do tapete uma pe\u00e7a que era a jun\u00e7\u00e3o de poemas do meu livro Colo de Av\u00f3 e Um Av\u00f4 e seu Neto. Uma montagem LINDA!!! Com figurino e tudo. Posso afirmar que essa escola est\u00e1 salvando 743 crian\u00e7as com teatro, livros, poesia! Perguntei para as crian\u00e7as o que havia de bom na escola e a resposta foi un\u00e2nime: A Sala de Leitura e as Professoras. Os alunos que vieram eram da terceira, quarta e quinta s\u00e9ries. A escola termina na quinta e quem vai embora est\u00e1 muito triste, me contaram. Fizeram poemas incr\u00edveis inspirados no Colo de Av\u00f3. Eram crian\u00e7as muito sensibilizadas. Um sonho. E adoraram o caf\u00e9 da manh\u00e3 e ganhei tantos milh\u00f5es de abra\u00e7os e beijos que irei levitar por muito tempo.\" \/>\n<meta property=\"og:url\" content=\"https:\/\/roseanamurray.com\/site\/2019\/10\/31\/e-m-simar-machado-sodre\/\" \/>\n<meta property=\"og:site_name\" content=\"Roseana Murray\" \/>\n<meta property=\"article:publisher\" content=\"https:\/\/www.facebook.com\/roseana.murray\/\" \/>\n<meta property=\"article:author\" content=\"https:\/\/www.facebook.com\/roseana.murray\/\" \/>\n<meta property=\"article:published_time\" content=\"2019-10-31T13:49:28+00:00\" \/>\n<meta name=\"author\" content=\"admin\" \/>\n<meta name=\"twitter:card\" content=\"summary_large_image\" \/>\n<meta name=\"twitter:label1\" content=\"Escrito por\" \/>\n\t<meta name=\"twitter:data1\" content=\"admin\" \/>\n\t<meta name=\"twitter:label2\" content=\"Est. tempo de leitura\" \/>\n\t<meta name=\"twitter:data2\" content=\"1 minuto\" \/>\n<script type=\"application\/ld+json\" class=\"yoast-schema-graph\">{\"@context\":\"https:\\\/\\\/schema.org\",\"@graph\":[{\"@type\":\"Article\",\"@id\":\"https:\\\/\\\/roseanamurray.com\\\/site\\\/2019\\\/10\\\/31\\\/e-m-simar-machado-sodre\\\/#article\",\"isPartOf\":{\"@id\":\"https:\\\/\\\/roseanamurray.com\\\/site\\\/2019\\\/10\\\/31\\\/e-m-simar-machado-sodre\\\/\"},\"author\":{\"name\":\"admin\",\"@id\":\"https:\\\/\\\/roseanamurray.com\\\/site\\\/#\\\/schema\\\/person\\\/fccdaf45872661cfee27c28c6d545c60\"},\"headline\":\"E.M Simar Machado Sodr\u00e9\",\"datePublished\":\"2019-10-31T13:49:28+00:00\",\"mainEntityOfPage\":{\"@id\":\"https:\\\/\\\/roseanamurray.com\\\/site\\\/2019\\\/10\\\/31\\\/e-m-simar-machado-sodre\\\/\"},\"wordCount\":260,\"commentCount\":0,\"publisher\":{\"@id\":\"https:\\\/\\\/roseanamurray.com\\\/site\\\/#organization\"},\"image\":{\"@id\":\"https:\\\/\\\/roseanamurray.com\\\/site\\\/2019\\\/10\\\/31\\\/e-m-simar-machado-sodre\\\/#primaryimage\"},\"thumbnailUrl\":\"\",\"articleSection\":[\"Caf\u00e9, P\u00e3o e Texto\"],\"inLanguage\":\"pt-BR\",\"potentialAction\":[{\"@type\":\"CommentAction\",\"name\":\"Comment\",\"target\":[\"https:\\\/\\\/roseanamurray.com\\\/site\\\/2019\\\/10\\\/31\\\/e-m-simar-machado-sodre\\\/#respond\"]}]},{\"@type\":\"WebPage\",\"@id\":\"https:\\\/\\\/roseanamurray.com\\\/site\\\/2019\\\/10\\\/31\\\/e-m-simar-machado-sodre\\\/\",\"url\":\"https:\\\/\\\/roseanamurray.com\\\/site\\\/2019\\\/10\\\/31\\\/e-m-simar-machado-sodre\\\/\",\"name\":\"E.M Simar Machado Sodr\u00e9 - Roseana Murray\",\"isPartOf\":{\"@id\":\"https:\\\/\\\/roseanamurray.com\\\/site\\\/#website\"},\"primaryImageOfPage\":{\"@id\":\"https:\\\/\\\/roseanamurray.com\\\/site\\\/2019\\\/10\\\/31\\\/e-m-simar-machado-sodre\\\/#primaryimage\"},\"image\":{\"@id\":\"https:\\\/\\\/roseanamurray.com\\\/site\\\/2019\\\/10\\\/31\\\/e-m-simar-machado-sodre\\\/#primaryimage\"},\"thumbnailUrl\":\"\",\"datePublished\":\"2019-10-31T13:49:28+00:00\",\"breadcrumb\":{\"@id\":\"https:\\\/\\\/roseanamurray.com\\\/site\\\/2019\\\/10\\\/31\\\/e-m-simar-machado-sodre\\\/#breadcrumb\"},\"inLanguage\":\"pt-BR\",\"potentialAction\":[{\"@type\":\"ReadAction\",\"target\":[\"https:\\\/\\\/roseanamurray.com\\\/site\\\/2019\\\/10\\\/31\\\/e-m-simar-machado-sodre\\\/\"]}]},{\"@type\":\"ImageObject\",\"inLanguage\":\"pt-BR\",\"@id\":\"https:\\\/\\\/roseanamurray.com\\\/site\\\/2019\\\/10\\\/31\\\/e-m-simar-machado-sodre\\\/#primaryimage\",\"url\":\"\",\"contentUrl\":\"\"},{\"@type\":\"BreadcrumbList\",\"@id\":\"https:\\\/\\\/roseanamurray.com\\\/site\\\/2019\\\/10\\\/31\\\/e-m-simar-machado-sodre\\\/#breadcrumb\",\"itemListElement\":[{\"@type\":\"ListItem\",\"position\":1,\"name\":\"In\u00edcio\",\"item\":\"https:\\\/\\\/roseanamurray.com\\\/site\\\/\"},{\"@type\":\"ListItem\",\"position\":2,\"name\":\"E.M Simar Machado Sodr\u00e9\"}]},{\"@type\":\"WebSite\",\"@id\":\"https:\\\/\\\/roseanamurray.com\\\/site\\\/#website\",\"url\":\"https:\\\/\\\/roseanamurray.com\\\/site\\\/\",\"name\":\"Roseana Murray\",\"description\":\"Poetisa e escritora de livros infanto-juvenis\",\"publisher\":{\"@id\":\"https:\\\/\\\/roseanamurray.com\\\/site\\\/#organization\"},\"potentialAction\":[{\"@type\":\"SearchAction\",\"target\":{\"@type\":\"EntryPoint\",\"urlTemplate\":\"https:\\\/\\\/roseanamurray.com\\\/site\\\/?s={search_term_string}\"},\"query-input\":{\"@type\":\"PropertyValueSpecification\",\"valueRequired\":true,\"valueName\":\"search_term_string\"}}],\"inLanguage\":\"pt-BR\"},{\"@type\":\"Organization\",\"@id\":\"https:\\\/\\\/roseanamurray.com\\\/site\\\/#organization\",\"name\":\"Roseana Murray\",\"url\":\"https:\\\/\\\/roseanamurray.com\\\/site\\\/\",\"logo\":{\"@type\":\"ImageObject\",\"inLanguage\":\"pt-BR\",\"@id\":\"https:\\\/\\\/roseanamurray.com\\\/site\\\/#\\\/schema\\\/logo\\\/image\\\/\",\"url\":\"https:\\\/\\\/roseanamurray.com\\\/site\\\/wp-content\\\/uploads\\\/2025\\\/09\\\/roseana_murray-10.jpeg\",\"contentUrl\":\"https:\\\/\\\/roseanamurray.com\\\/site\\\/wp-content\\\/uploads\\\/2025\\\/09\\\/roseana_murray-10.jpeg\",\"width\":640,\"height\":427,\"caption\":\"Roseana Murray\"},\"image\":{\"@id\":\"https:\\\/\\\/roseanamurray.com\\\/site\\\/#\\\/schema\\\/logo\\\/image\\\/\"},\"sameAs\":[\"https:\\\/\\\/www.facebook.com\\\/roseana.murray\\\/\",\"https:\\\/\\\/www.instagram.com\\\/roseanamurray\",\"https:\\\/\\\/www.youtube.com\\\/channel\\\/UC3CYVIbf6pyVaM1OM5n-thQ\"]},{\"@type\":\"Person\",\"@id\":\"https:\\\/\\\/roseanamurray.com\\\/site\\\/#\\\/schema\\\/person\\\/fccdaf45872661cfee27c28c6d545c60\",\"name\":\"admin\",\"image\":{\"@type\":\"ImageObject\",\"inLanguage\":\"pt-BR\",\"@id\":\"https:\\\/\\\/secure.gravatar.com\\\/avatar\\\/79dcbdb2b6bdd7817cb53be05a85960f828f05e25b12ed0288673f8f13407b90?s=96&d=mm&r=g\",\"url\":\"https:\\\/\\\/secure.gravatar.com\\\/avatar\\\/79dcbdb2b6bdd7817cb53be05a85960f828f05e25b12ed0288673f8f13407b90?s=96&d=mm&r=g\",\"contentUrl\":\"https:\\\/\\\/secure.gravatar.com\\\/avatar\\\/79dcbdb2b6bdd7817cb53be05a85960f828f05e25b12ed0288673f8f13407b90?s=96&d=mm&r=g\",\"caption\":\"admin\"},\"description\":\"Roseana Murray \u00e9 poeta e escritora, tecendo palavras que transformam o cotidiano em delicadeza, afeto e imagina\u00e7\u00e3o.\",\"sameAs\":[\"https:\\\/\\\/roseanamurray.com\\\/site\",\"https:\\\/\\\/www.facebook.com\\\/roseana.murray\\\/\",\"https:\\\/\\\/www.instagram.com\\\/roseanamurray\",\"https:\\\/\\\/www.youtube.com\\\/channel\\\/UC3CYVIbf6pyVaM1OM5n-thQ\"],\"url\":\"https:\\\/\\\/roseanamurray.com\\\/site\\\/author\\\/admin\\\/\"}]}<\/script>\n<!-- \/ Yoast SEO plugin. -->","yoast_head_json":{"title":"E.M Simar Machado Sodr\u00e9 - Roseana Murray","robots":{"index":"index","follow":"follow","max-snippet":"max-snippet:-1","max-image-preview":"max-image-preview:large","max-video-preview":"max-video-preview:-1"},"canonical":"https:\/\/roseanamurray.com\/site\/2019\/10\/31\/e-m-simar-machado-sodre\/","og_locale":"pt_BR","og_type":"article","og_title":"E.M Simar Machado Sodr\u00e9 - Roseana Murray","og_description":"Hoje a chegou na minha casa com uma orqu\u00eddea e as crian\u00e7as mais maravilhosas do mundo e a viagem de Rio das Ostras at\u00e9 Saquarema demorou muito. Havia obras na estrada. As Professoras Marilene, Juanita, Alessandra, Luzia, Dulce e Kellrem fazem um trabalho t\u00e3o extraordin\u00e1rio que vou levar muito tempo para me recuperar da emo\u00e7\u00e3o. Toda a for\u00e7a da Escola Simar nasce da sua Sala de Leitura, que havia sido desativada e as professoras conseguiram recuperar. \u00c9 impressionante a for\u00e7a e a luz destas professoras. As crian\u00e7as eram magn\u00edficas, lendo com total flu\u00eancia e propriedade. Elas me trouxeram uma surpresa: Como atores e atrizes profissionais, encenaram em cima do tapete uma pe\u00e7a que era a jun\u00e7\u00e3o de poemas do meu livro Colo de Av\u00f3 e Um Av\u00f4 e seu Neto. Uma montagem LINDA!!! Com figurino e tudo. Posso afirmar que essa escola est\u00e1 salvando 743 crian\u00e7as com teatro, livros, poesia! Perguntei para as crian\u00e7as o que havia de bom na escola e a resposta foi un\u00e2nime: A Sala de Leitura e as Professoras. Os alunos que vieram eram da terceira, quarta e quinta s\u00e9ries. A escola termina na quinta e quem vai embora est\u00e1 muito triste, me contaram. Fizeram poemas incr\u00edveis inspirados no Colo de Av\u00f3. Eram crian\u00e7as muito sensibilizadas. Um sonho. E adoraram o caf\u00e9 da manh\u00e3 e ganhei tantos milh\u00f5es de abra\u00e7os e beijos que irei levitar por muito tempo.","og_url":"https:\/\/roseanamurray.com\/site\/2019\/10\/31\/e-m-simar-machado-sodre\/","og_site_name":"Roseana Murray","article_publisher":"https:\/\/www.facebook.com\/roseana.murray\/","article_author":"https:\/\/www.facebook.com\/roseana.murray\/","article_published_time":"2019-10-31T13:49:28+00:00","author":"admin","twitter_card":"summary_large_image","twitter_misc":{"Escrito por":"admin","Est. tempo de leitura":"1 minuto"},"schema":{"@context":"https:\/\/schema.org","@graph":[{"@type":"Article","@id":"https:\/\/roseanamurray.com\/site\/2019\/10\/31\/e-m-simar-machado-sodre\/#article","isPartOf":{"@id":"https:\/\/roseanamurray.com\/site\/2019\/10\/31\/e-m-simar-machado-sodre\/"},"author":{"name":"admin","@id":"https:\/\/roseanamurray.com\/site\/#\/schema\/person\/fccdaf45872661cfee27c28c6d545c60"},"headline":"E.M Simar Machado Sodr\u00e9","datePublished":"2019-10-31T13:49:28+00:00","mainEntityOfPage":{"@id":"https:\/\/roseanamurray.com\/site\/2019\/10\/31\/e-m-simar-machado-sodre\/"},"wordCount":260,"commentCount":0,"publisher":{"@id":"https:\/\/roseanamurray.com\/site\/#organization"},"image":{"@id":"https:\/\/roseanamurray.com\/site\/2019\/10\/31\/e-m-simar-machado-sodre\/#primaryimage"},"thumbnailUrl":"","articleSection":["Caf\u00e9, P\u00e3o e Texto"],"inLanguage":"pt-BR","potentialAction":[{"@type":"CommentAction","name":"Comment","target":["https:\/\/roseanamurray.com\/site\/2019\/10\/31\/e-m-simar-machado-sodre\/#respond"]}]},{"@type":"WebPage","@id":"https:\/\/roseanamurray.com\/site\/2019\/10\/31\/e-m-simar-machado-sodre\/","url":"https:\/\/roseanamurray.com\/site\/2019\/10\/31\/e-m-simar-machado-sodre\/","name":"E.M Simar Machado Sodr\u00e9 - Roseana Murray","isPartOf":{"@id":"https:\/\/roseanamurray.com\/site\/#website"},"primaryImageOfPage":{"@id":"https:\/\/roseanamurray.com\/site\/2019\/10\/31\/e-m-simar-machado-sodre\/#primaryimage"},"image":{"@id":"https:\/\/roseanamurray.com\/site\/2019\/10\/31\/e-m-simar-machado-sodre\/#primaryimage"},"thumbnailUrl":"","datePublished":"2019-10-31T13:49:28+00:00","breadcrumb":{"@id":"https:\/\/roseanamurray.com\/site\/2019\/10\/31\/e-m-simar-machado-sodre\/#breadcrumb"},"inLanguage":"pt-BR","potentialAction":[{"@type":"ReadAction","target":["https:\/\/roseanamurray.com\/site\/2019\/10\/31\/e-m-simar-machado-sodre\/"]}]},{"@type":"ImageObject","inLanguage":"pt-BR","@id":"https:\/\/roseanamurray.com\/site\/2019\/10\/31\/e-m-simar-machado-sodre\/#primaryimage","url":"","contentUrl":""},{"@type":"BreadcrumbList","@id":"https:\/\/roseanamurray.com\/site\/2019\/10\/31\/e-m-simar-machado-sodre\/#breadcrumb","itemListElement":[{"@type":"ListItem","position":1,"name":"In\u00edcio","item":"https:\/\/roseanamurray.com\/site\/"},{"@type":"ListItem","position":2,"name":"E.M Simar Machado Sodr\u00e9"}]},{"@type":"WebSite","@id":"https:\/\/roseanamurray.com\/site\/#website","url":"https:\/\/roseanamurray.com\/site\/","name":"Roseana Murray","description":"Poetisa e escritora de livros infanto-juvenis","publisher":{"@id":"https:\/\/roseanamurray.com\/site\/#organization"},"potentialAction":[{"@type":"SearchAction","target":{"@type":"EntryPoint","urlTemplate":"https:\/\/roseanamurray.com\/site\/?s={search_term_string}"},"query-input":{"@type":"PropertyValueSpecification","valueRequired":true,"valueName":"search_term_string"}}],"inLanguage":"pt-BR"},{"@type":"Organization","@id":"https:\/\/roseanamurray.com\/site\/#organization","name":"Roseana Murray","url":"https:\/\/roseanamurray.com\/site\/","logo":{"@type":"ImageObject","inLanguage":"pt-BR","@id":"https:\/\/roseanamurray.com\/site\/#\/schema\/logo\/image\/","url":"https:\/\/roseanamurray.com\/site\/wp-content\/uploads\/2025\/09\/roseana_murray-10.jpeg","contentUrl":"https:\/\/roseanamurray.com\/site\/wp-content\/uploads\/2025\/09\/roseana_murray-10.jpeg","width":640,"height":427,"caption":"Roseana Murray"},"image":{"@id":"https:\/\/roseanamurray.com\/site\/#\/schema\/logo\/image\/"},"sameAs":["https:\/\/www.facebook.com\/roseana.murray\/","https:\/\/www.instagram.com\/roseanamurray","https:\/\/www.youtube.com\/channel\/UC3CYVIbf6pyVaM1OM5n-thQ"]},{"@type":"Person","@id":"https:\/\/roseanamurray.com\/site\/#\/schema\/person\/fccdaf45872661cfee27c28c6d545c60","name":"admin","image":{"@type":"ImageObject","inLanguage":"pt-BR","@id":"https:\/\/secure.gravatar.com\/avatar\/79dcbdb2b6bdd7817cb53be05a85960f828f05e25b12ed0288673f8f13407b90?s=96&d=mm&r=g","url":"https:\/\/secure.gravatar.com\/avatar\/79dcbdb2b6bdd7817cb53be05a85960f828f05e25b12ed0288673f8f13407b90?s=96&d=mm&r=g","contentUrl":"https:\/\/secure.gravatar.com\/avatar\/79dcbdb2b6bdd7817cb53be05a85960f828f05e25b12ed0288673f8f13407b90?s=96&d=mm&r=g","caption":"admin"},"description":"Roseana Murray \u00e9 poeta e escritora, tecendo palavras que transformam o cotidiano em delicadeza, afeto e imagina\u00e7\u00e3o.","sameAs":["https:\/\/roseanamurray.com\/site","https:\/\/www.facebook.com\/roseana.murray\/","https:\/\/www.instagram.com\/roseanamurray","https:\/\/www.youtube.com\/channel\/UC3CYVIbf6pyVaM1OM5n-thQ"],"url":"https:\/\/roseanamurray.com\/site\/author\/admin\/"}]}},"_links":{"self":[{"href":"https:\/\/roseanamurray.com\/site\/wp-json\/wp\/v2\/posts\/1235","targetHints":{"allow":["GET"]}}],"collection":[{"href":"https:\/\/roseanamurray.com\/site\/wp-json\/wp\/v2\/posts"}],"about":[{"href":"https:\/\/roseanamurray.com\/site\/wp-json\/wp\/v2\/types\/post"}],"author":[{"embeddable":true,"href":"https:\/\/roseanamurray.com\/site\/wp-json\/wp\/v2\/users\/1"}],"replies":[{"embeddable":true,"href":"https:\/\/roseanamurray.com\/site\/wp-json\/wp\/v2\/comments?post=1235"}],"version-history":[{"count":0,"href":"https:\/\/roseanamurray.com\/site\/wp-json\/wp\/v2\/posts\/1235\/revisions"}],"wp:attachment":[{"href":"https:\/\/roseanamurray.com\/site\/wp-json\/wp\/v2\/media?parent=1235"}],"wp:term":[{"taxonomy":"category","embeddable":true,"href":"https:\/\/roseanamurray.com\/site\/wp-json\/wp\/v2\/categories?post=1235"},{"taxonomy":"post_tag","embeddable":true,"href":"https:\/\/roseanamurray.com\/site\/wp-json\/wp\/v2\/tags?post=1235"}],"curies":[{"name":"wp","href":"https:\/\/api.w.org\/{rel}","templated":true}]}}