{"id":107,"date":"2016-09-12T13:38:38","date_gmt":"2016-09-12T16:38:38","guid":{"rendered":"http:\/\/roseanamurray.com\/site\/?p=107"},"modified":"2016-09-12T13:38:38","modified_gmt":"2016-09-12T16:38:38","slug":"eja-da-e-m-terezinha-de-jesus-pereira","status":"publish","type":"post","link":"https:\/\/roseanamurray.com\/site\/2016\/09\/12\/eja-da-e-m-terezinha-de-jesus-pereira\/","title":{"rendered":"EJA da E.M. Terezinha de Jesus Pereira"},"content":{"rendered":"<p><img decoding=\"async\" class=\"alignnone size-full wp-image-108\" src=\"http:\/\/roseanamurray.com\/site\/wp-content\/uploads\/2016\/10\/cafe24.jpg\" alt=\"cafe24\" width=\"100%\" \/>Hoje meu corpo era pequeno para aguentar tanta emo\u00e7\u00e3o.<\/p>\n<p>Desde o minuto em que o \u00f4nibus que trouxe a turma de EJA da E.M. Terezinha de Jesus Pereira, vindo de Itabora\u00ed, encostou na minha porta e a alegria das pessoas e seu maravilhamento com o mar me tiraram do ch\u00e3o, at\u00e9 a hora da despedida, quando fui abra\u00e7ada e aben\u00e7oada por cada um.<br \/>\nAo chegar foram todos para o jardim onde Samuel , meu caseiro, mostrou as plantas e contou muitas hist\u00f3rias.<\/p>\n<p>Voltaram para o caf\u00e9. A mesa era farta, pois al\u00e9m do que preparei, muitas trouxeram bolos e at\u00e9 um empad\u00e3o.<\/p>\n<p>Depois do caf\u00e9, veio o texto com as brincadeiras po\u00e9ticas.<\/p>\n<p>Todos de p\u00e9 ( e era muita gente), eu subi numa cadeira me fazendo de espelho . E enquanto eu lia o.poema Receita de se Olhar no Espelho, todos tinham que se arrumar. O \u00faltimo verso termina com a pergunta: &#8221; Quem \u00e9 voc\u00ea? &#8221; E todos gritaram seus nomes bem alto, para o Universo ouvir.<br \/>\nFizemos uma Orquestra Noturna, do livro Caixinha de M\u00fasica, brincamos de ditados populares, com meu livro &#8221; Quem V\u00ea Cara N\u00e3o V\u00ea Cora\u00e7\u00e3o, e apareceram ditados incriveis! Rememoramos brincadeiras da inf\u00e2ncia, com o livro Brinquedos e Brincadeiras, e de poema em poema a ampulheta foi se esvaziando.<\/p>\n<p>Uma aluna me perguntou:<br \/>\n&#8212; Por que voc\u00ea \u00e9 t\u00e3o alegre?<\/p>\n<p>E eu respondi:<br \/>\n&#8211; Porque d\u00e1 menos trabalho que ser triste.<\/p>\n<p>Essa turma de EJA \u00e9 para alunos de 50 anos para cima. E a Escola oferece aulas de m\u00fasica e artesanato.<\/p>\n<p>Ganhei lindos panos de prato bordados.<\/p>\n<p>Deixaram a minha alma bordada.<\/p>\n","protected":false},"excerpt":{"rendered":"<p>Hoje meu corpo era pequeno para aguentar tanta emo\u00e7\u00e3o. Desde o minuto em que o \u00f4nibus que trouxe a turma de EJA da E.M. Terezinha de Jesus Pereira, vindo de Itabora\u00ed, encostou na minha porta e a alegria das pessoas e seu maravilhamento com o mar me tiraram do ch\u00e3o, at\u00e9 a hora da despedida, quando fui abra\u00e7ada e aben\u00e7oada por cada um. Ao chegar foram todos para o jardim onde Samuel , meu caseiro, mostrou as plantas e contou muitas hist\u00f3rias. Voltaram para o caf\u00e9. A mesa era farta, pois al\u00e9m do que preparei, muitas trouxeram bolos e at\u00e9 um empad\u00e3o. Depois do caf\u00e9, veio o texto com as brincadeiras po\u00e9ticas. Todos de p\u00e9 ( e era muita gente), eu subi numa cadeira me fazendo de espelho . E enquanto eu lia o.poema Receita de se Olhar no Espelho, todos tinham que se arrumar. O \u00faltimo verso termina com a pergunta: &#8221; Quem \u00e9 voc\u00ea? &#8221; E todos gritaram seus nomes bem alto, para o Universo ouvir. Fizemos uma Orquestra Noturna, do livro Caixinha de M\u00fasica, brincamos de ditados populares, com meu livro &#8221; Quem V\u00ea Cara N\u00e3o V\u00ea Cora\u00e7\u00e3o, e apareceram ditados incriveis! Rememoramos brincadeiras da inf\u00e2ncia, com o livro Brinquedos e Brincadeiras, e de poema em poema a ampulheta foi se esvaziando. Uma aluna me perguntou: &#8212; Por que voc\u00ea \u00e9 t\u00e3o alegre? E eu respondi: &#8211; Porque d\u00e1 menos trabalho que ser triste. Essa turma de EJA \u00e9 para alunos de 50 anos para cima. E a Escola oferece aulas de m\u00fasica e artesanato. Ganhei lindos panos de prato bordados. Deixaram a minha alma bordada.<\/p>\n","protected":false},"author":1,"featured_media":251,"comment_status":"open","ping_status":"open","sticky":false,"template":"","format":"standard","meta":{"footnotes":"","_links_to":"","_links_to_target":""},"categories":[14],"tags":[],"class_list":["post-107","post","type-post","status-publish","format-standard","has-post-thumbnail","hentry","category-cafe-pao-e-texto"],"yoast_head":"<!-- This site is optimized with the Yoast SEO plugin v28.3 - https:\/\/yoast.com\/product\/yoast-seo-wordpress\/ -->\n<title>EJA da E.M. Terezinha de Jesus Pereira - Roseana Murray<\/title>\n<meta name=\"robots\" content=\"index, follow, max-snippet:-1, max-image-preview:large, max-video-preview:-1\" \/>\n<link rel=\"canonical\" href=\"https:\/\/roseanamurray.com\/site\/2016\/09\/12\/eja-da-e-m-terezinha-de-jesus-pereira\/\" \/>\n<meta property=\"og:locale\" content=\"pt_BR\" \/>\n<meta property=\"og:type\" content=\"article\" \/>\n<meta property=\"og:title\" content=\"EJA da E.M. Terezinha de Jesus Pereira - Roseana Murray\" \/>\n<meta property=\"og:description\" content=\"Hoje meu corpo era pequeno para aguentar tanta emo\u00e7\u00e3o. Desde o minuto em que o \u00f4nibus que trouxe a turma de EJA da E.M. Terezinha de Jesus Pereira, vindo de Itabora\u00ed, encostou na minha porta e a alegria das pessoas e seu maravilhamento com o mar me tiraram do ch\u00e3o, at\u00e9 a hora da despedida, quando fui abra\u00e7ada e aben\u00e7oada por cada um. Ao chegar foram todos para o jardim onde Samuel , meu caseiro, mostrou as plantas e contou muitas hist\u00f3rias. Voltaram para o caf\u00e9. A mesa era farta, pois al\u00e9m do que preparei, muitas trouxeram bolos e at\u00e9 um empad\u00e3o. Depois do caf\u00e9, veio o texto com as brincadeiras po\u00e9ticas. Todos de p\u00e9 ( e era muita gente), eu subi numa cadeira me fazendo de espelho . E enquanto eu lia o.poema Receita de se Olhar no Espelho, todos tinham que se arrumar. O \u00faltimo verso termina com a pergunta: &#8221; Quem \u00e9 voc\u00ea? &#8221; E todos gritaram seus nomes bem alto, para o Universo ouvir. Fizemos uma Orquestra Noturna, do livro Caixinha de M\u00fasica, brincamos de ditados populares, com meu livro &#8221; Quem V\u00ea Cara N\u00e3o V\u00ea Cora\u00e7\u00e3o, e apareceram ditados incriveis! Rememoramos brincadeiras da inf\u00e2ncia, com o livro Brinquedos e Brincadeiras, e de poema em poema a ampulheta foi se esvaziando. Uma aluna me perguntou: &#8212; Por que voc\u00ea \u00e9 t\u00e3o alegre? E eu respondi: &#8211; Porque d\u00e1 menos trabalho que ser triste. Essa turma de EJA \u00e9 para alunos de 50 anos para cima. E a Escola oferece aulas de m\u00fasica e artesanato. Ganhei lindos panos de prato bordados. Deixaram a minha alma bordada.\" \/>\n<meta property=\"og:url\" content=\"https:\/\/roseanamurray.com\/site\/2016\/09\/12\/eja-da-e-m-terezinha-de-jesus-pereira\/\" \/>\n<meta property=\"og:site_name\" content=\"Roseana Murray\" \/>\n<meta property=\"article:publisher\" content=\"https:\/\/www.facebook.com\/roseana.murray\/\" \/>\n<meta property=\"article:author\" content=\"https:\/\/www.facebook.com\/roseana.murray\/\" \/>\n<meta property=\"article:published_time\" content=\"2016-09-12T16:38:38+00:00\" \/>\n<meta name=\"author\" content=\"admin\" \/>\n<meta name=\"twitter:card\" content=\"summary_large_image\" \/>\n<meta name=\"twitter:label1\" content=\"Escrito por\" \/>\n\t<meta name=\"twitter:data1\" content=\"admin\" \/>\n\t<meta name=\"twitter:label2\" content=\"Est. tempo de leitura\" \/>\n\t<meta name=\"twitter:data2\" content=\"1 minuto\" \/>\n<script type=\"application\/ld+json\" class=\"yoast-schema-graph\">{\"@context\":\"https:\\\/\\\/schema.org\",\"@graph\":[{\"@type\":\"Article\",\"@id\":\"https:\\\/\\\/roseanamurray.com\\\/site\\\/2016\\\/09\\\/12\\\/eja-da-e-m-terezinha-de-jesus-pereira\\\/#article\",\"isPartOf\":{\"@id\":\"https:\\\/\\\/roseanamurray.com\\\/site\\\/2016\\\/09\\\/12\\\/eja-da-e-m-terezinha-de-jesus-pereira\\\/\"},\"author\":{\"name\":\"admin\",\"@id\":\"https:\\\/\\\/roseanamurray.com\\\/site\\\/#\\\/schema\\\/person\\\/fccdaf45872661cfee27c28c6d545c60\"},\"headline\":\"EJA da E.M. Terezinha de Jesus Pereira\",\"datePublished\":\"2016-09-12T16:38:38+00:00\",\"mainEntityOfPage\":{\"@id\":\"https:\\\/\\\/roseanamurray.com\\\/site\\\/2016\\\/09\\\/12\\\/eja-da-e-m-terezinha-de-jesus-pereira\\\/\"},\"wordCount\":283,\"commentCount\":0,\"publisher\":{\"@id\":\"https:\\\/\\\/roseanamurray.com\\\/site\\\/#organization\"},\"image\":{\"@id\":\"https:\\\/\\\/roseanamurray.com\\\/site\\\/2016\\\/09\\\/12\\\/eja-da-e-m-terezinha-de-jesus-pereira\\\/#primaryimage\"},\"thumbnailUrl\":\"\",\"articleSection\":[\"Caf\u00e9, P\u00e3o e Texto\"],\"inLanguage\":\"pt-BR\",\"potentialAction\":[{\"@type\":\"CommentAction\",\"name\":\"Comment\",\"target\":[\"https:\\\/\\\/roseanamurray.com\\\/site\\\/2016\\\/09\\\/12\\\/eja-da-e-m-terezinha-de-jesus-pereira\\\/#respond\"]}]},{\"@type\":\"WebPage\",\"@id\":\"https:\\\/\\\/roseanamurray.com\\\/site\\\/2016\\\/09\\\/12\\\/eja-da-e-m-terezinha-de-jesus-pereira\\\/\",\"url\":\"https:\\\/\\\/roseanamurray.com\\\/site\\\/2016\\\/09\\\/12\\\/eja-da-e-m-terezinha-de-jesus-pereira\\\/\",\"name\":\"EJA da E.M. Terezinha de Jesus Pereira - Roseana Murray\",\"isPartOf\":{\"@id\":\"https:\\\/\\\/roseanamurray.com\\\/site\\\/#website\"},\"primaryImageOfPage\":{\"@id\":\"https:\\\/\\\/roseanamurray.com\\\/site\\\/2016\\\/09\\\/12\\\/eja-da-e-m-terezinha-de-jesus-pereira\\\/#primaryimage\"},\"image\":{\"@id\":\"https:\\\/\\\/roseanamurray.com\\\/site\\\/2016\\\/09\\\/12\\\/eja-da-e-m-terezinha-de-jesus-pereira\\\/#primaryimage\"},\"thumbnailUrl\":\"\",\"datePublished\":\"2016-09-12T16:38:38+00:00\",\"breadcrumb\":{\"@id\":\"https:\\\/\\\/roseanamurray.com\\\/site\\\/2016\\\/09\\\/12\\\/eja-da-e-m-terezinha-de-jesus-pereira\\\/#breadcrumb\"},\"inLanguage\":\"pt-BR\",\"potentialAction\":[{\"@type\":\"ReadAction\",\"target\":[\"https:\\\/\\\/roseanamurray.com\\\/site\\\/2016\\\/09\\\/12\\\/eja-da-e-m-terezinha-de-jesus-pereira\\\/\"]}]},{\"@type\":\"ImageObject\",\"inLanguage\":\"pt-BR\",\"@id\":\"https:\\\/\\\/roseanamurray.com\\\/site\\\/2016\\\/09\\\/12\\\/eja-da-e-m-terezinha-de-jesus-pereira\\\/#primaryimage\",\"url\":\"\",\"contentUrl\":\"\"},{\"@type\":\"BreadcrumbList\",\"@id\":\"https:\\\/\\\/roseanamurray.com\\\/site\\\/2016\\\/09\\\/12\\\/eja-da-e-m-terezinha-de-jesus-pereira\\\/#breadcrumb\",\"itemListElement\":[{\"@type\":\"ListItem\",\"position\":1,\"name\":\"In\u00edcio\",\"item\":\"https:\\\/\\\/roseanamurray.com\\\/site\\\/\"},{\"@type\":\"ListItem\",\"position\":2,\"name\":\"EJA da E.M. Terezinha de Jesus Pereira\"}]},{\"@type\":\"WebSite\",\"@id\":\"https:\\\/\\\/roseanamurray.com\\\/site\\\/#website\",\"url\":\"https:\\\/\\\/roseanamurray.com\\\/site\\\/\",\"name\":\"Roseana Murray\",\"description\":\"Poetisa e escritora de livros infanto-juvenis\",\"publisher\":{\"@id\":\"https:\\\/\\\/roseanamurray.com\\\/site\\\/#organization\"},\"potentialAction\":[{\"@type\":\"SearchAction\",\"target\":{\"@type\":\"EntryPoint\",\"urlTemplate\":\"https:\\\/\\\/roseanamurray.com\\\/site\\\/?s={search_term_string}\"},\"query-input\":{\"@type\":\"PropertyValueSpecification\",\"valueRequired\":true,\"valueName\":\"search_term_string\"}}],\"inLanguage\":\"pt-BR\"},{\"@type\":\"Organization\",\"@id\":\"https:\\\/\\\/roseanamurray.com\\\/site\\\/#organization\",\"name\":\"Roseana Murray\",\"url\":\"https:\\\/\\\/roseanamurray.com\\\/site\\\/\",\"logo\":{\"@type\":\"ImageObject\",\"inLanguage\":\"pt-BR\",\"@id\":\"https:\\\/\\\/roseanamurray.com\\\/site\\\/#\\\/schema\\\/logo\\\/image\\\/\",\"url\":\"https:\\\/\\\/roseanamurray.com\\\/site\\\/wp-content\\\/uploads\\\/2025\\\/09\\\/roseana_murray-10.jpeg\",\"contentUrl\":\"https:\\\/\\\/roseanamurray.com\\\/site\\\/wp-content\\\/uploads\\\/2025\\\/09\\\/roseana_murray-10.jpeg\",\"width\":640,\"height\":427,\"caption\":\"Roseana Murray\"},\"image\":{\"@id\":\"https:\\\/\\\/roseanamurray.com\\\/site\\\/#\\\/schema\\\/logo\\\/image\\\/\"},\"sameAs\":[\"https:\\\/\\\/www.facebook.com\\\/roseana.murray\\\/\",\"https:\\\/\\\/www.instagram.com\\\/roseanamurray\",\"https:\\\/\\\/www.youtube.com\\\/channel\\\/UC3CYVIbf6pyVaM1OM5n-thQ\"]},{\"@type\":\"Person\",\"@id\":\"https:\\\/\\\/roseanamurray.com\\\/site\\\/#\\\/schema\\\/person\\\/fccdaf45872661cfee27c28c6d545c60\",\"name\":\"admin\",\"image\":{\"@type\":\"ImageObject\",\"inLanguage\":\"pt-BR\",\"@id\":\"https:\\\/\\\/secure.gravatar.com\\\/avatar\\\/79dcbdb2b6bdd7817cb53be05a85960f828f05e25b12ed0288673f8f13407b90?s=96&d=mm&r=g\",\"url\":\"https:\\\/\\\/secure.gravatar.com\\\/avatar\\\/79dcbdb2b6bdd7817cb53be05a85960f828f05e25b12ed0288673f8f13407b90?s=96&d=mm&r=g\",\"contentUrl\":\"https:\\\/\\\/secure.gravatar.com\\\/avatar\\\/79dcbdb2b6bdd7817cb53be05a85960f828f05e25b12ed0288673f8f13407b90?s=96&d=mm&r=g\",\"caption\":\"admin\"},\"description\":\"Roseana Murray \u00e9 poeta e escritora, tecendo palavras que transformam o cotidiano em delicadeza, afeto e imagina\u00e7\u00e3o.\",\"sameAs\":[\"https:\\\/\\\/roseanamurray.com\\\/site\",\"https:\\\/\\\/www.facebook.com\\\/roseana.murray\\\/\",\"https:\\\/\\\/www.instagram.com\\\/roseanamurray\",\"https:\\\/\\\/www.youtube.com\\\/channel\\\/UC3CYVIbf6pyVaM1OM5n-thQ\"],\"url\":\"https:\\\/\\\/roseanamurray.com\\\/site\\\/author\\\/admin\\\/\"}]}<\/script>\n<!-- \/ Yoast SEO plugin. -->","yoast_head_json":{"title":"EJA da E.M. Terezinha de Jesus Pereira - Roseana Murray","robots":{"index":"index","follow":"follow","max-snippet":"max-snippet:-1","max-image-preview":"max-image-preview:large","max-video-preview":"max-video-preview:-1"},"canonical":"https:\/\/roseanamurray.com\/site\/2016\/09\/12\/eja-da-e-m-terezinha-de-jesus-pereira\/","og_locale":"pt_BR","og_type":"article","og_title":"EJA da E.M. Terezinha de Jesus Pereira - Roseana Murray","og_description":"Hoje meu corpo era pequeno para aguentar tanta emo\u00e7\u00e3o. Desde o minuto em que o \u00f4nibus que trouxe a turma de EJA da E.M. Terezinha de Jesus Pereira, vindo de Itabora\u00ed, encostou na minha porta e a alegria das pessoas e seu maravilhamento com o mar me tiraram do ch\u00e3o, at\u00e9 a hora da despedida, quando fui abra\u00e7ada e aben\u00e7oada por cada um. Ao chegar foram todos para o jardim onde Samuel , meu caseiro, mostrou as plantas e contou muitas hist\u00f3rias. Voltaram para o caf\u00e9. A mesa era farta, pois al\u00e9m do que preparei, muitas trouxeram bolos e at\u00e9 um empad\u00e3o. Depois do caf\u00e9, veio o texto com as brincadeiras po\u00e9ticas. Todos de p\u00e9 ( e era muita gente), eu subi numa cadeira me fazendo de espelho . E enquanto eu lia o.poema Receita de se Olhar no Espelho, todos tinham que se arrumar. O \u00faltimo verso termina com a pergunta: &#8221; Quem \u00e9 voc\u00ea? &#8221; E todos gritaram seus nomes bem alto, para o Universo ouvir. Fizemos uma Orquestra Noturna, do livro Caixinha de M\u00fasica, brincamos de ditados populares, com meu livro &#8221; Quem V\u00ea Cara N\u00e3o V\u00ea Cora\u00e7\u00e3o, e apareceram ditados incriveis! Rememoramos brincadeiras da inf\u00e2ncia, com o livro Brinquedos e Brincadeiras, e de poema em poema a ampulheta foi se esvaziando. Uma aluna me perguntou: &#8212; Por que voc\u00ea \u00e9 t\u00e3o alegre? E eu respondi: &#8211; Porque d\u00e1 menos trabalho que ser triste. Essa turma de EJA \u00e9 para alunos de 50 anos para cima. E a Escola oferece aulas de m\u00fasica e artesanato. Ganhei lindos panos de prato bordados. Deixaram a minha alma bordada.","og_url":"https:\/\/roseanamurray.com\/site\/2016\/09\/12\/eja-da-e-m-terezinha-de-jesus-pereira\/","og_site_name":"Roseana Murray","article_publisher":"https:\/\/www.facebook.com\/roseana.murray\/","article_author":"https:\/\/www.facebook.com\/roseana.murray\/","article_published_time":"2016-09-12T16:38:38+00:00","author":"admin","twitter_card":"summary_large_image","twitter_misc":{"Escrito por":"admin","Est. tempo de leitura":"1 minuto"},"schema":{"@context":"https:\/\/schema.org","@graph":[{"@type":"Article","@id":"https:\/\/roseanamurray.com\/site\/2016\/09\/12\/eja-da-e-m-terezinha-de-jesus-pereira\/#article","isPartOf":{"@id":"https:\/\/roseanamurray.com\/site\/2016\/09\/12\/eja-da-e-m-terezinha-de-jesus-pereira\/"},"author":{"name":"admin","@id":"https:\/\/roseanamurray.com\/site\/#\/schema\/person\/fccdaf45872661cfee27c28c6d545c60"},"headline":"EJA da E.M. Terezinha de Jesus Pereira","datePublished":"2016-09-12T16:38:38+00:00","mainEntityOfPage":{"@id":"https:\/\/roseanamurray.com\/site\/2016\/09\/12\/eja-da-e-m-terezinha-de-jesus-pereira\/"},"wordCount":283,"commentCount":0,"publisher":{"@id":"https:\/\/roseanamurray.com\/site\/#organization"},"image":{"@id":"https:\/\/roseanamurray.com\/site\/2016\/09\/12\/eja-da-e-m-terezinha-de-jesus-pereira\/#primaryimage"},"thumbnailUrl":"","articleSection":["Caf\u00e9, P\u00e3o e Texto"],"inLanguage":"pt-BR","potentialAction":[{"@type":"CommentAction","name":"Comment","target":["https:\/\/roseanamurray.com\/site\/2016\/09\/12\/eja-da-e-m-terezinha-de-jesus-pereira\/#respond"]}]},{"@type":"WebPage","@id":"https:\/\/roseanamurray.com\/site\/2016\/09\/12\/eja-da-e-m-terezinha-de-jesus-pereira\/","url":"https:\/\/roseanamurray.com\/site\/2016\/09\/12\/eja-da-e-m-terezinha-de-jesus-pereira\/","name":"EJA da E.M. Terezinha de Jesus Pereira - Roseana Murray","isPartOf":{"@id":"https:\/\/roseanamurray.com\/site\/#website"},"primaryImageOfPage":{"@id":"https:\/\/roseanamurray.com\/site\/2016\/09\/12\/eja-da-e-m-terezinha-de-jesus-pereira\/#primaryimage"},"image":{"@id":"https:\/\/roseanamurray.com\/site\/2016\/09\/12\/eja-da-e-m-terezinha-de-jesus-pereira\/#primaryimage"},"thumbnailUrl":"","datePublished":"2016-09-12T16:38:38+00:00","breadcrumb":{"@id":"https:\/\/roseanamurray.com\/site\/2016\/09\/12\/eja-da-e-m-terezinha-de-jesus-pereira\/#breadcrumb"},"inLanguage":"pt-BR","potentialAction":[{"@type":"ReadAction","target":["https:\/\/roseanamurray.com\/site\/2016\/09\/12\/eja-da-e-m-terezinha-de-jesus-pereira\/"]}]},{"@type":"ImageObject","inLanguage":"pt-BR","@id":"https:\/\/roseanamurray.com\/site\/2016\/09\/12\/eja-da-e-m-terezinha-de-jesus-pereira\/#primaryimage","url":"","contentUrl":""},{"@type":"BreadcrumbList","@id":"https:\/\/roseanamurray.com\/site\/2016\/09\/12\/eja-da-e-m-terezinha-de-jesus-pereira\/#breadcrumb","itemListElement":[{"@type":"ListItem","position":1,"name":"In\u00edcio","item":"https:\/\/roseanamurray.com\/site\/"},{"@type":"ListItem","position":2,"name":"EJA da E.M. Terezinha de Jesus Pereira"}]},{"@type":"WebSite","@id":"https:\/\/roseanamurray.com\/site\/#website","url":"https:\/\/roseanamurray.com\/site\/","name":"Roseana Murray","description":"Poetisa e escritora de livros infanto-juvenis","publisher":{"@id":"https:\/\/roseanamurray.com\/site\/#organization"},"potentialAction":[{"@type":"SearchAction","target":{"@type":"EntryPoint","urlTemplate":"https:\/\/roseanamurray.com\/site\/?s={search_term_string}"},"query-input":{"@type":"PropertyValueSpecification","valueRequired":true,"valueName":"search_term_string"}}],"inLanguage":"pt-BR"},{"@type":"Organization","@id":"https:\/\/roseanamurray.com\/site\/#organization","name":"Roseana Murray","url":"https:\/\/roseanamurray.com\/site\/","logo":{"@type":"ImageObject","inLanguage":"pt-BR","@id":"https:\/\/roseanamurray.com\/site\/#\/schema\/logo\/image\/","url":"https:\/\/roseanamurray.com\/site\/wp-content\/uploads\/2025\/09\/roseana_murray-10.jpeg","contentUrl":"https:\/\/roseanamurray.com\/site\/wp-content\/uploads\/2025\/09\/roseana_murray-10.jpeg","width":640,"height":427,"caption":"Roseana Murray"},"image":{"@id":"https:\/\/roseanamurray.com\/site\/#\/schema\/logo\/image\/"},"sameAs":["https:\/\/www.facebook.com\/roseana.murray\/","https:\/\/www.instagram.com\/roseanamurray","https:\/\/www.youtube.com\/channel\/UC3CYVIbf6pyVaM1OM5n-thQ"]},{"@type":"Person","@id":"https:\/\/roseanamurray.com\/site\/#\/schema\/person\/fccdaf45872661cfee27c28c6d545c60","name":"admin","image":{"@type":"ImageObject","inLanguage":"pt-BR","@id":"https:\/\/secure.gravatar.com\/avatar\/79dcbdb2b6bdd7817cb53be05a85960f828f05e25b12ed0288673f8f13407b90?s=96&d=mm&r=g","url":"https:\/\/secure.gravatar.com\/avatar\/79dcbdb2b6bdd7817cb53be05a85960f828f05e25b12ed0288673f8f13407b90?s=96&d=mm&r=g","contentUrl":"https:\/\/secure.gravatar.com\/avatar\/79dcbdb2b6bdd7817cb53be05a85960f828f05e25b12ed0288673f8f13407b90?s=96&d=mm&r=g","caption":"admin"},"description":"Roseana Murray \u00e9 poeta e escritora, tecendo palavras que transformam o cotidiano em delicadeza, afeto e imagina\u00e7\u00e3o.","sameAs":["https:\/\/roseanamurray.com\/site","https:\/\/www.facebook.com\/roseana.murray\/","https:\/\/www.instagram.com\/roseanamurray","https:\/\/www.youtube.com\/channel\/UC3CYVIbf6pyVaM1OM5n-thQ"],"url":"https:\/\/roseanamurray.com\/site\/author\/admin\/"}]}},"_links":{"self":[{"href":"https:\/\/roseanamurray.com\/site\/wp-json\/wp\/v2\/posts\/107","targetHints":{"allow":["GET"]}}],"collection":[{"href":"https:\/\/roseanamurray.com\/site\/wp-json\/wp\/v2\/posts"}],"about":[{"href":"https:\/\/roseanamurray.com\/site\/wp-json\/wp\/v2\/types\/post"}],"author":[{"embeddable":true,"href":"https:\/\/roseanamurray.com\/site\/wp-json\/wp\/v2\/users\/1"}],"replies":[{"embeddable":true,"href":"https:\/\/roseanamurray.com\/site\/wp-json\/wp\/v2\/comments?post=107"}],"version-history":[{"count":0,"href":"https:\/\/roseanamurray.com\/site\/wp-json\/wp\/v2\/posts\/107\/revisions"}],"wp:attachment":[{"href":"https:\/\/roseanamurray.com\/site\/wp-json\/wp\/v2\/media?parent=107"}],"wp:term":[{"taxonomy":"category","embeddable":true,"href":"https:\/\/roseanamurray.com\/site\/wp-json\/wp\/v2\/categories?post=107"},{"taxonomy":"post_tag","embeddable":true,"href":"https:\/\/roseanamurray.com\/site\/wp-json\/wp\/v2\/tags?post=107"}],"curies":[{"name":"wp","href":"https:\/\/api.w.org\/{rel}","templated":true}]}}